{"id":65220,"date":"2019-12-06T09:04:49","date_gmt":"2019-12-06T12:04:49","guid":{"rendered":"https:\/\/eldiariodesanpedro.com.ar\/sitio\/?p=65220"},"modified":"2019-12-06T09:04:53","modified_gmt":"2019-12-06T12:04:53","slug":"dos-nuevos-premios-atvc-para-la-television-sampedrina","status":"publish","type":"post","link":"https:\/\/eldiariodesanpedro.com.ar\/sitio\/dos-nuevos-premios-atvc-para-la-television-sampedrina\/","title":{"rendered":"Dos nuevos premios ATVC para la televisi\u00f3n sampedrina"},"content":{"rendered":"<!-- VideographyWP Plugin Message: Automatic video embedding prevented by plugin options. -->\n\n<p>Desde hace 27 a\u00f1os, los Premios ATVC constituyen un certamen anual internacional, que galardona a los mejores programas de televisi\u00f3n por cable de la Rep\u00fablica Argentina y Latinoam\u00e9rica.<\/p>\n\n\n\n<figure class=\"wp-block-image size-large\"><img decoding=\"async\" width=\"704\" height=\"469\" data-attachment-id=\"65222\" data-permalink=\"https:\/\/eldiariodesanpedro.com.ar\/sitio\/dos-nuevos-premios-atvc-para-la-television-sampedrina\/premios_2019\/\" data-orig-file=\"https:\/\/eldiariodesanpedro.com.ar\/sitio\/wp-content\/uploads\/2019\/12\/premios_2019.jpg\" data-orig-size=\"704,469\" data-comments-opened=\"1\" data-image-meta=\"{&quot;aperture&quot;:&quot;0&quot;,&quot;credit&quot;:&quot;&quot;,&quot;camera&quot;:&quot;&quot;,&quot;caption&quot;:&quot;&quot;,&quot;created_timestamp&quot;:&quot;0&quot;,&quot;copyright&quot;:&quot;&quot;,&quot;focal_length&quot;:&quot;0&quot;,&quot;iso&quot;:&quot;0&quot;,&quot;shutter_speed&quot;:&quot;0&quot;,&quot;title&quot;:&quot;&quot;,&quot;orientation&quot;:&quot;0&quot;}\" data-image-title=\"premios_2019\" data-image-description=\"\" data-image-caption=\"\" data-large-file=\"https:\/\/eldiariodesanpedro.com.ar\/sitio\/wp-content\/uploads\/2019\/12\/premios_2019.jpg\" data-src=\"https:\/\/eldiariodesanpedro.com.ar\/sitio\/wp-content\/uploads\/2019\/12\/premios_2019.jpg\" alt=\"\" class=\"wp-image-65222 lazyload\" data-srcset=\"https:\/\/eldiariodesanpedro.com.ar\/sitio\/wp-content\/uploads\/2019\/12\/premios_2019.jpg 704w, https:\/\/eldiariodesanpedro.com.ar\/sitio\/wp-content\/uploads\/2019\/12\/premios_2019-300x200.jpg 300w\" data-sizes=\"(max-width: 704px) 100vw, 704px\" src=\"data:image\/svg+xml;base64,PHN2ZyB3aWR0aD0iMSIgaGVpZ2h0PSIxIiB4bWxucz0iaHR0cDovL3d3dy53My5vcmcvMjAwMC9zdmciPjwvc3ZnPg==\" style=\"--smush-placeholder-width: 704px; --smush-placeholder-aspect-ratio: 704\/469;\" \/><\/figure>\n\n\n\n<p>La Asociaci\u00f3n Argentina de Televisi\u00f3n por Cable (ATVC) celebr\u00f3 una nueva edici\u00f3n de los Premios ATVC, el tradicional reconocimiento a las mejores producciones audiovisuales de TV por Cable emitidas en Argentina, producidas en el pa\u00eds y en naciones lim\u00edtrofes. El evento se llev\u00f3 a cabo en Tango Porte\u00f1o, en la Ciudad de Buenos Aires.<\/p>\n\n\n\n<p>El ganador del Gran Premio del Jurado fue Encuentro de Campeones, una producci\u00f3n de Vicente L\u00f3pez, provincia de Buenos Aires, emitida por la se\u00f1al DirecTV Sports. Antes del gran final, se entregaron 70 premios, subdivididos en seis categor\u00edas y doce g\u00e9neros: Asuntos Agropecuarios; Ciencias, Tecnolog\u00eda y Medio Ambiente; Cultural; Deportivo; Documental; Educativo; Infantil; Inter\u00e9s General; Musical; Period\u00edstico de Opini\u00f3n; Period\u00edstico Informativo (noticiero); Promocional.\u00a0<\/p>\n\n\n\n<p> Nuevamente, como en los \u00faltimos cuatro a\u00f1os, San Pedro estuvo representada por programas de \u00abSol TV\u00bb. <\/p>\n\n\n\n<p> \u00abLa Claqueta\u00bb, conducida por Sandra Cortes, se qued\u00f3 por segundo a\u00f1o consecutivo con el premio al mejor Programa Cultural en la categor\u00eda 4. Por su parte, \u00abEntretiempo TV\u00bb, producido y conducido por Mart\u00edn P\u00e9rez, gan\u00f3 como Programa Deportivo.<\/p>\n\n\n\n<p>\u00abSomos Noticias San Pedro &#8211; Baradero\u00bb qued\u00f3 entre los tres mejores informativos del pa\u00eds en la categor\u00eda que re\u00fane a las ciudades de hasta 200 mil habitantes.  <\/p>\n\n\n\n<p>La ceremonia, conducida por Gabriela Sobrado y Tom\u00e1s Dente, fue emitida por la Red Intercable y el canal Ciudad Magazine. Adem\u00e1s de la premiaci\u00f3n propiamente dicha, cont\u00f3 con un show de cierre a cargo de los bailarines y artistas internacionales de la escena tanguera argentina, pertenecientes al elenco estable de Tango Porte\u00f1o.<\/p>\n\n\n\n<p>Los Premios nacieron con el objetivo de destacar, apoyar e impulsar el trabajo de los miles y miles de productores\/as, realizadores\/as, guionistas, conductores\/as y actores\/actrices, entre muchos\/as otros\/as, que todos los d\u00edas aportan su conocimiento y experiencia para llevar cultura, informaci\u00f3n y entretenimiento a cada una de las ciudades y pueblos de toda la Argentina.<br><br><br><br><\/p>\n","protected":false},"excerpt":{"rendered":"<p>Desde hace 27 a\u00f1os, los Premios ATVC constituyen un certamen anual internacional, que galardona a los mejores programas de televisi\u00f3n por cable de la Rep\u00fablica Argentina y Latinoam\u00e9rica. La Asociaci\u00f3n Argentina de Televisi\u00f3n por Cable (ATVC) celebr\u00f3 una nueva edici\u00f3n de los Premios ATVC, el tradicional reconocimiento a las mejores producciones audiovisuales de TV por [&hellip;]<\/p>\n","protected":false},"author":4,"featured_media":65221,"comment_status":"open","ping_status":"closed","sticky":false,"template":"","format":"standard","meta":{"om_disable_all_campaigns":false,"_jetpack_memberships_contains_paid_content":false,"footnotes":""},"categories":[50,101,2],"tags":[],"class_list":["post-65220","post","type-post","status-publish","format-standard","has-post-thumbnail","hentry","category-destacadas","category-interes-general-locales","category-locales"],"aioseo_notices":[],"gutentor_comment":0,"jetpack_featured_media_url":"https:\/\/eldiariodesanpedro.com.ar\/sitio\/wp-content\/uploads\/2019\/12\/ATVC-2019-2.jpg","jetpack_shortlink":"https:\/\/wp.me\/p6RhLt-gXW","jetpack_sharing_enabled":true,"_links":{"self":[{"href":"https:\/\/eldiariodesanpedro.com.ar\/sitio\/wp-json\/wp\/v2\/posts\/65220","targetHints":{"allow":["GET"]}}],"collection":[{"href":"https:\/\/eldiariodesanpedro.com.ar\/sitio\/wp-json\/wp\/v2\/posts"}],"about":[{"href":"https:\/\/eldiariodesanpedro.com.ar\/sitio\/wp-json\/wp\/v2\/types\/post"}],"author":[{"embeddable":true,"href":"https:\/\/eldiariodesanpedro.com.ar\/sitio\/wp-json\/wp\/v2\/users\/4"}],"replies":[{"embeddable":true,"href":"https:\/\/eldiariodesanpedro.com.ar\/sitio\/wp-json\/wp\/v2\/comments?post=65220"}],"version-history":[{"count":1,"href":"https:\/\/eldiariodesanpedro.com.ar\/sitio\/wp-json\/wp\/v2\/posts\/65220\/revisions"}],"predecessor-version":[{"id":65223,"href":"https:\/\/eldiariodesanpedro.com.ar\/sitio\/wp-json\/wp\/v2\/posts\/65220\/revisions\/65223"}],"wp:featuredmedia":[{"embeddable":true,"href":"https:\/\/eldiariodesanpedro.com.ar\/sitio\/wp-json\/wp\/v2\/media\/65221"}],"wp:attachment":[{"href":"https:\/\/eldiariodesanpedro.com.ar\/sitio\/wp-json\/wp\/v2\/media?parent=65220"}],"wp:term":[{"taxonomy":"category","embeddable":true,"href":"https:\/\/eldiariodesanpedro.com.ar\/sitio\/wp-json\/wp\/v2\/categories?post=65220"},{"taxonomy":"post_tag","embeddable":true,"href":"https:\/\/eldiariodesanpedro.com.ar\/sitio\/wp-json\/wp\/v2\/tags?post=65220"}],"curies":[{"name":"wp","href":"https:\/\/api.w.org\/{rel}","templated":true}]}}