{"id":65190,"date":"2019-12-05T16:27:14","date_gmt":"2019-12-05T19:27:14","guid":{"rendered":"https:\/\/eldiariodesanpedro.com.ar\/sitio\/?p=65190"},"modified":"2019-12-05T16:27:16","modified_gmt":"2019-12-05T19:27:16","slug":"presentacion-de-san-pedro-se-muestra","status":"publish","type":"post","link":"https:\/\/eldiariodesanpedro.com.ar\/sitio\/presentacion-de-san-pedro-se-muestra\/","title":{"rendered":"Presentaci\u00f3n de \u201cSan Pedro Se Muestra\u201d"},"content":{"rendered":"<!-- VideographyWP Plugin Message: Automatic video embedding prevented by plugin options. -->\n\n<p>La Direcci\u00f3n de Turismo de la Municipalidad de San Pedro junto a la C\u00e1mara de Turismo del Centro de Comercio, realiz\u00f3 esta ma\u00f1ana en la Casona de Turismo, la presentaci\u00f3n del cronograma de actividades del \u201cSan Pedro Se Muestra\u201d, que tendr\u00e1 lugar este s\u00e1bado 7 y domingo 8 frente al Palacio Municipal.<br>Durante la presentaci\u00f3n se brind\u00f3 toda la informaci\u00f3n sobre las caracter\u00edsticas de esta propuesta que se sumar\u00e1 a las dem\u00e1s actividades previstas para el pr\u00f3ximo fin de semana con la participaci\u00f3n de prestadores del sector.<br>El Presidente de la C\u00e1mara de Turismo de Centro de Comercio, Gonzalo Castagnola repas\u00f3 la grilla de charlas y muestras que van a formar parte de este encuentro y adem\u00e1s agradeci\u00f3 el apoyo brindado por el Municipio. Por su parte, la Directora de Turismo Marcela Cu\u00f1er, invit\u00f3 a todos los sampedrinos y turistas a disfrutar de esta y todas las actividades que forman parte del calendario tur\u00edstico y cultural de nuestra ciudad durante todo el a\u00f1o.<\/p>\n\n\n\n<p>En la carpa de la Municipalidad habr\u00e1 \u201cturismo accesible\u201d a cargo de Cecilia Ansaloni, con un sistema de lectura en braille para todos los interesados en el tema. Adem\u00e1s habr\u00e1 degustaciones, sorteos, regalos e informaci\u00f3n sobre todas las actividades y eventos que tiene la ciudad.<br>Por su parte, en la carpa de la C\u00e1mara de Turismo, se va a repartir folleter\u00eda sobre gastronom\u00eda y hoteler\u00eda habilitada, lanchas, botes, biciscafos, pesca, y los eventos de Rural Bike, Mega Festival del Aire con paseos en globo, Festival de M\u00fasica Country, Fiesta de la Naranja de Ombligo, Fiesta Provincial del Durazno y la Producci\u00f3n y la Fiesta Nacional de la Ensaimada.<br>Tambi\u00e9n los museos privados y p\u00fablicos, mosaiquismo, apicultores y conciencia ecol\u00f3gica realizar\u00e1n exposiciones.<\/p>\n\n\n\n<p>Salidas y visitas guiadas gratuitas por el Casco Hist\u00f3rico de San Pedro:<br>Salen desde la Casona de Turismo (Mitre y Liniers).<\/p>\n\n\n\n<p>S\u00e1bado 16, 17 y 18 hs<br>Domingo 14, 15, 16 y 17 hs<\/p>\n\n\n\n<p>Salidas y visitas guiadas gratuitas por las localidades y sus parajes:<br>S\u00e1bado 11 hs: Vuelta de Obligado<br>S\u00e1bado 15 hs: Santa Luc\u00eda<br>Domingo 10 hs: Santa Luc\u00eda<br>Domingo 16 hs: Vuelta de Obligado<br>Est\u00e1n organizadas por los gu\u00edas de turismo habilitados de San Pedro y todos los interesados deben inscribirse en la Direcci\u00f3n de Turismo o llamando al 03329-422050. Adem\u00e1s las localidades tendr\u00e1n sus stands dentro de la Muestra.<\/p>\n\n\n\n<p>Charlas:<br>*S\u00e1bado 19 hs: Diego Rodr\u00edguez \u2013 Museo Hist\u00f3rico Santa Luc\u00eda<br>*S\u00e1bado 21 hs: Enrique Sierra &#8211; Reserva Natural Hist\u00f3rica<br>*Domingo 20 hs: Germ\u00e1n Tettamanti \u2013 Reserva Natural Urbana<\/p>\n\n\n\n<p>S\u00e1bado y domingo:<br>*Marcela Campora: Exposici\u00f3n de cuadros de paisajes y muestra de los trabajos que se hicieron durante los talleres culturales anuales.<br>*Julio Simonini: Exposici\u00f3n sobre flora y fauna sampedrina.<\/p>\n","protected":false},"excerpt":{"rendered":"<p>La Direcci\u00f3n de Turismo de la Municipalidad de San Pedro junto a la C\u00e1mara de Turismo del Centro de Comercio, realiz\u00f3 esta ma\u00f1ana en la Casona de Turismo, la presentaci\u00f3n del cronograma de actividades del \u201cSan Pedro Se Muestra\u201d, que tendr\u00e1 lugar este s\u00e1bado 7 y domingo 8 frente al Palacio Municipal.Durante la presentaci\u00f3n se [&hellip;]<\/p>\n","protected":false},"author":4,"featured_media":65191,"comment_status":"open","ping_status":"closed","sticky":false,"template":"","format":"standard","meta":{"om_disable_all_campaigns":false,"_jetpack_memberships_contains_paid_content":false,"footnotes":""},"categories":[101,2],"tags":[696,33,718,749,750],"class_list":["post-65190","post","type-post","status-publish","format-standard","has-post-thumbnail","hentry","category-interes-general-locales","category-locales","tag-interes-general","tag-locales","tag-san-pedro-bunos-aires","tag-san-pedro-muestra","tag-turismo"],"aioseo_notices":[],"gutentor_comment":0,"jetpack_featured_media_url":"https:\/\/eldiariodesanpedro.com.ar\/sitio\/wp-content\/uploads\/2019\/12\/2-1-scaled.jpg","jetpack_shortlink":"https:\/\/wp.me\/p6RhLt-gXs","jetpack_sharing_enabled":true,"_links":{"self":[{"href":"https:\/\/eldiariodesanpedro.com.ar\/sitio\/wp-json\/wp\/v2\/posts\/65190","targetHints":{"allow":["GET"]}}],"collection":[{"href":"https:\/\/eldiariodesanpedro.com.ar\/sitio\/wp-json\/wp\/v2\/posts"}],"about":[{"href":"https:\/\/eldiariodesanpedro.com.ar\/sitio\/wp-json\/wp\/v2\/types\/post"}],"author":[{"embeddable":true,"href":"https:\/\/eldiariodesanpedro.com.ar\/sitio\/wp-json\/wp\/v2\/users\/4"}],"replies":[{"embeddable":true,"href":"https:\/\/eldiariodesanpedro.com.ar\/sitio\/wp-json\/wp\/v2\/comments?post=65190"}],"version-history":[{"count":1,"href":"https:\/\/eldiariodesanpedro.com.ar\/sitio\/wp-json\/wp\/v2\/posts\/65190\/revisions"}],"predecessor-version":[{"id":65192,"href":"https:\/\/eldiariodesanpedro.com.ar\/sitio\/wp-json\/wp\/v2\/posts\/65190\/revisions\/65192"}],"wp:featuredmedia":[{"embeddable":true,"href":"https:\/\/eldiariodesanpedro.com.ar\/sitio\/wp-json\/wp\/v2\/media\/65191"}],"wp:attachment":[{"href":"https:\/\/eldiariodesanpedro.com.ar\/sitio\/wp-json\/wp\/v2\/media?parent=65190"}],"wp:term":[{"taxonomy":"category","embeddable":true,"href":"https:\/\/eldiariodesanpedro.com.ar\/sitio\/wp-json\/wp\/v2\/categories?post=65190"},{"taxonomy":"post_tag","embeddable":true,"href":"https:\/\/eldiariodesanpedro.com.ar\/sitio\/wp-json\/wp\/v2\/tags?post=65190"}],"curies":[{"name":"wp","href":"https:\/\/api.w.org\/{rel}","templated":true}]}}