{"id":65125,"date":"2019-12-04T13:24:33","date_gmt":"2019-12-04T16:24:33","guid":{"rendered":"https:\/\/eldiariodesanpedro.com.ar\/sitio\/?p=65125"},"modified":"2019-12-04T13:24:38","modified_gmt":"2019-12-04T16:24:38","slug":"escobar-aberrante-crimen-del-bebe-de-2-anos-mi-padrastro-mato-de-hambre-a-mi-hermanito","status":"publish","type":"post","link":"https:\/\/eldiariodesanpedro.com.ar\/sitio\/escobar-aberrante-crimen-del-bebe-de-2-anos-mi-padrastro-mato-de-hambre-a-mi-hermanito\/","title":{"rendered":"ESCOBAR | Aberrante crimen del beb\u00e9 de 2 a\u00f1os: \u201cMi padrastro mat\u00f3 de hambre a mi hermanito\u201d"},"content":{"rendered":"<!-- VideographyWP Plugin Message: Automatic video embedding prevented by plugin options. -->\n\n<p>El menor que revel\u00f3 el crimen ocurrido en Matheu aport\u00f3 detalles escalofriantes ante el fiscal. Cont\u00f3 que el asesino lo oblig\u00f3 a cavar la fosa, que amenaz\u00f3 de muerte a su otro hermano y que los somet\u00eda a tratos inhumanos.<\/p>\n\n\n\n<p>A 72 horas que se conozca el asesinato de un beb\u00e9 de dos a\u00f1os a manos de su padrastro, este martes salieron a la luz detalles estremecedores del caso que conmovi\u00f3 a la localidad de Matheu.<\/p>\n\n\n\n<p>Mientras se esperan los resultados de la autopsia que determinar\u00e1 la causa de muerte del ni\u00f1o, trascendi\u00f3 la declaraci\u00f3n de uno de los hermanos de la v\u00edctima que posibilit\u00f3 el hallazgo del cad\u00e1ver y la detenci\u00f3n de H\u00e9ctor Esteban Montero (28), de oficio parquista.<\/p>\n\n\n\n<p>El menor de 14 a\u00f1os, cuya identidad est\u00e1 preservada, fue el que confes\u00f3 lo ocurrido y cont\u00f3 con detalles el verdadero infierno que sufr\u00edan \u00e9l y sus hermanos por parte de Montero desde antes del asesinato del peque\u00f1o Gast\u00f3n Uriel Rodr\u00edguez.<\/p>\n\n\n\n<p>En relaci\u00f3n al crimen, se\u00f1al\u00f3 que al regresar a su casa se encontr\u00f3 a su padrastro y a su madre, Tatiana Pascarelli, discutiendo junto a su otro hermano, de 11 a\u00f1os, mientras que el beb\u00e9 estaba muerto en el piso. En esas circunstancias, Montero habr\u00eda manifestado su intenci\u00f3n de \u201cprender fuego\u201d el cuerpo de la criatura, pero la mujer se neg\u00f3 y pidi\u00f3 que lo enterrar\u00e1n.<\/p>\n\n\n\n<p>El hombre carg\u00f3 el cuerpo del nene y, junto a todo el grupo familiar, cruz\u00f3 al descampado que est\u00e1 justo frente a la vivienda, sobre la calle Col\u00f3n.<\/p>\n\n\n\n<p>All\u00ed, oblig\u00f3 al chico a ayudarlo para hacer el pozo para enterrar a su hermanito. \u201cVos ayudame a hacer el pozo o te fajo\u201d, le habr\u00eda dicho. Al volver, amenaz\u00f3 a toda la familia: \u201cEl que llega a decir o contar algo termina igual que el nene\u201d, les advirti\u00f3.<\/p>\n\n\n\n<p>Este viernes, mientras mendigaba por Matheu, el chico se quebr\u00f3 ante la due\u00f1a de una fiambrer\u00eda y le cont\u00f3 todo lo que hab\u00eda pasado.<\/p>\n\n\n\n<p>\u201cEra casi la noche del viernes y yo estaba atendiendo el negocio cuando vi al chico en la puerta. No era la primera vez que ven\u00eda a pedirnos. Esta vez lo vi bastante desmejorado, como triste. Le pregunt\u00e9 qu\u00e9 le pasaba y me dijo que si no llevaba plata a la casa le iban a pegar\u201d, cont\u00f3 la due\u00f1a del comercio, Roxana, en declaraciones al portal Infobae.<\/p>\n\n\n\n<p>\u201cLuego se puso a llorar y me dijo que el padrastro hab\u00eda matado a su hermanito y que lo hab\u00edan enterrado en un bald\u00edo. No pod\u00eda creer lo que estaba escuchando. Le pregunt\u00e9 si se animaba a repetir lo mismo con la polic\u00eda y me dijo que s\u00ed. Entonces llamamos a la comisar\u00eda\u201d, agreg\u00f3.<\/p>\n\n\n\n<p>\u201cMi padrastro mat\u00f3 a mi hermanito de hambre. Yo llegu\u00e9 a mi casa cinco minutos despu\u00e9s de que se haya muerto. Ten\u00eda un golpe en el labio, pero se muri\u00f3 porque no le dieron de comer. Fue el 17 de agosto. Yo les puedo decir d\u00f3nde est\u00e1 enterrado. Tienen que llevar linternas porque est\u00e1 muy oscuro de noche\u201d, confes\u00f3 el chico frente al fiscal.<\/p>\n\n\n\n<p>Uno de los investigadores que particip\u00f3 de la pesquisa y del hallazgo relat\u00f3: \u201cInmediatamente nos fuimos al lugar. Nos acercamos con varios patrulleros. Efectivamente no hab\u00eda luz. Tambi\u00e9n llevamos perros de b\u00fasqueda, pero no hicieron falta. El chico nos marc\u00f3 con exactitud d\u00f3nde estaba el cad\u00e1ver. Una vez que identific\u00f3 el lugar se lo llevaron los psic\u00f3logos y nosotros nos pusimos a excavar. No nos cost\u00f3 mucho encontrar el cuerpito, estaba envuelto en una s\u00e1bana. Estaba a unos 30 cent\u00edmetros de profundidad\u201d.<\/p>\n\n\n\n<p>La forma en que el padrastro fue detenido fue un tanto curiosa. Casi al mismo tiempo en que la polic\u00eda descubr\u00eda el cad\u00e1ver del beb\u00e9, y los efectivos se preparaban para buscar a Montero para detenerlo, lleg\u00f3 una comunicaci\u00f3n desde la subcomisar\u00eda de la localidad. El hombre se hab\u00eda presentado junto a su pareja para denunciar la desaparici\u00f3n del adolescente que, por supuesto, no hab\u00eda vuelto a su hogar. El fiscal orden\u00f3 su detenci\u00f3n, acusado del delito de homicidio doblemente agravado por ensa\u00f1amiento y alevos\u00eda.<\/p>\n\n\n\n<p>\u201c\u00bfPor qu\u00e9? \u00bfQu\u00e9 hice?\u201d, fue lo \u00fanico que lleg\u00f3 a decir el acusado antes de que le pongan las esposas.<\/p>\n\n\n\n<p>En la declaraci\u00f3n informal que realiz\u00f3 ante el fiscal, el chico fue claro en se\u00f1alar que el asesino de su hermano hab\u00eda sido Montero. Tambi\u00e9n cont\u00f3 que su madre estaba al tanto de todo, pero que no hab\u00eda participado del homicidio.<\/p>\n\n\n\n<p><strong>Maltratos diarios y torturas<\/strong><\/p>\n\n\n\n<p>Ante los investigadores, el menor cont\u00f3 el tipo de maltratos que \u00e9l y sus hermanos debieron padecer por parte del hombre. Desde golpes por no llevar plata, hasta dejarlos sin comer. Incluso cont\u00f3 que en pleno invierno los castig\u00f3 dej\u00e1ndolos desnudos en el patio, expuestos a temperaturas muy bajas.<\/p>\n\n\n\n<p>\u201cMuchas veces nos pon\u00eda contra un rinc\u00f3n y no nos dejaba dormir. Est\u00e1bamos parados toda la noche. Tampoco nos daba de comer, a veces era solo agua. Mi hermanito estaba empezando a dejar los pa\u00f1ales y a veces se hac\u00eda pis encima, entonces \u00e9l se enojaba y no le daba de comer o le pegaba. Yo creo que mi hermano se muri\u00f3 de hambre\u201d, sostuvo ante los investigadores.<\/p>\n\n\n\n<p>Seg\u00fan indicaron fuentes de la causa, la mam\u00e1 de la v\u00edctima declar\u00f3 en condici\u00f3n de testigo. En su relato cont\u00f3 una serie de maltratos y vejaciones a las que fue sometida por parte de su pareja durante a\u00f1os. Estas situaciones coincidieron con los dichos del hermano de Gast\u00f3n, lo que le dio mayor verosimilitud al relato. Entre otras cosas, expres\u00f3 que era permanentemente golpeada y que cuando su pareja sal\u00eda de la casa, la dejaba encerrada con un candado. Sin embargo, nunca realiz\u00f3 ninguna denuncia.<\/p>\n\n\n\n<p>En la testimonial, la mujer confes\u00f3 que sab\u00eda del asesinato y que lo ocult\u00f3 durante todo este tiempo por miedo a su pareja. En base a esas palabras, el fiscal Ferreiros decidi\u00f3 no imputarle ning\u00fan delito a la mujer y dejarla en libertad. Aunque esa medida podr\u00eda revertirse en los pr\u00f3ximos d\u00edas.<\/p>\n\n\n\n<p>\u201cDesde la fiscal\u00eda entendieron que, a pesar de que la mujer estaba al tanto y ocult\u00f3 el crimen, lo hizo por estar sometida a violencia de g\u00e9nero y amenazas. Es una decisi\u00f3n que genera pol\u00e9mica\u201d, analizaron desde tribunales.<\/p>\n\n\n\n<p>Los vecinos de Matheu la consideran una c\u00f3mplice: \u201cElla no era ninguna santita. Sab\u00eda perfectamente lo que pasaba y nunca la vimos golpeada como s\u00ed vimos a los chicos\u201d, detall\u00f3 una vecina, que no quiso revelar su identidad.<\/p>\n\n\n\n<p>Por su parte, Lorena, que vive junto a la casa donde ocurri\u00f3 el crimen, relat\u00f3 su experiencia como vecina: \u201cLos dos maltrataban a sus hijos, no era \u00e9l solo. Yo vi cuando ella le pegaba al nene dici\u00e9ndole que no vuelva si no le daban plata. Ella dejaba mucho que desear como madre. Ella no hac\u00eda nada cuando los nenes se quedaban afuera muertos de fr\u00edo en penitencia porque se portaban mal\u201d.<\/p>\n\n\n\n<p>Montero se neg\u00f3 a declarar y quedar\u00e1 alojado en una dependencia policial hasta que sea trasladado a un penal. Por su parte, la madre de Uriel fue separada de sus hijos, que quedaron bajo resguardo en el hogar de abrigo municipal \u201cLa Casa de Mario\u201d hasta que se resuelva la situaci\u00f3n judicial.<\/p>\n\n\n\n<p>Las causas de la muerte del beb\u00e9 todav\u00eda no son claras. Si bien el documento completo de la autopsia todav\u00eda no lleg\u00f3 a manos del fiscal, un resultado preliminar indica que el cr\u00e1neo ten\u00eda un fuerte golpe que le pudo haber provocado la muerte. Adem\u00e1s, el cuello ten\u00eda marcas, por lo que no se descarta un posible ahorcamiento.<\/p>\n\n\n\n<p>A los investigadores les cost\u00f3 encontrar los documentos con los datos del beb\u00e9, reci\u00e9n lograron realizar una correcta identificaci\u00f3n consultando bases de datos. Ah\u00ed descubrieron que fue asesinado dos d\u00edas antes de cumplir los tres a\u00f1os.<\/p>\n\n\n\n<p>Fuente:<strong>&nbsp;El D\u00eda de Escobar<\/strong><\/p>\n","protected":false},"excerpt":{"rendered":"<p>El menor que revel\u00f3 el crimen ocurrido en Matheu aport\u00f3 detalles escalofriantes ante el fiscal. Cont\u00f3 que el asesino lo oblig\u00f3 a cavar la fosa, que amenaz\u00f3 de muerte a su otro hermano y que los somet\u00eda a tratos inhumanos. A 72 horas que se conozca el asesinato de un beb\u00e9 de dos a\u00f1os a [&hellip;]<\/p>\n","protected":false},"author":4,"featured_media":65126,"comment_status":"open","ping_status":"closed","sticky":false,"template":"","format":"standard","meta":{"om_disable_all_campaigns":false,"_jetpack_memberships_contains_paid_content":false,"footnotes":""},"categories":[621],"tags":[422,712,268],"class_list":["post-65125","post","type-post","status-publish","format-standard","has-post-thumbnail","hentry","category-regionales","tag-2-anos","tag-crimen","tag-escobar"],"aioseo_notices":[],"gutentor_comment":0,"jetpack_featured_media_url":"https:\/\/eldiariodesanpedro.com.ar\/sitio\/wp-content\/uploads\/2019\/12\/mnt_657x400.jpg","jetpack_shortlink":"https:\/\/wp.me\/p6RhLt-gWp","jetpack_sharing_enabled":true,"_links":{"self":[{"href":"https:\/\/eldiariodesanpedro.com.ar\/sitio\/wp-json\/wp\/v2\/posts\/65125","targetHints":{"allow":["GET"]}}],"collection":[{"href":"https:\/\/eldiariodesanpedro.com.ar\/sitio\/wp-json\/wp\/v2\/posts"}],"about":[{"href":"https:\/\/eldiariodesanpedro.com.ar\/sitio\/wp-json\/wp\/v2\/types\/post"}],"author":[{"embeddable":true,"href":"https:\/\/eldiariodesanpedro.com.ar\/sitio\/wp-json\/wp\/v2\/users\/4"}],"replies":[{"embeddable":true,"href":"https:\/\/eldiariodesanpedro.com.ar\/sitio\/wp-json\/wp\/v2\/comments?post=65125"}],"version-history":[{"count":1,"href":"https:\/\/eldiariodesanpedro.com.ar\/sitio\/wp-json\/wp\/v2\/posts\/65125\/revisions"}],"predecessor-version":[{"id":65127,"href":"https:\/\/eldiariodesanpedro.com.ar\/sitio\/wp-json\/wp\/v2\/posts\/65125\/revisions\/65127"}],"wp:featuredmedia":[{"embeddable":true,"href":"https:\/\/eldiariodesanpedro.com.ar\/sitio\/wp-json\/wp\/v2\/media\/65126"}],"wp:attachment":[{"href":"https:\/\/eldiariodesanpedro.com.ar\/sitio\/wp-json\/wp\/v2\/media?parent=65125"}],"wp:term":[{"taxonomy":"category","embeddable":true,"href":"https:\/\/eldiariodesanpedro.com.ar\/sitio\/wp-json\/wp\/v2\/categories?post=65125"},{"taxonomy":"post_tag","embeddable":true,"href":"https:\/\/eldiariodesanpedro.com.ar\/sitio\/wp-json\/wp\/v2\/tags?post=65125"}],"curies":[{"name":"wp","href":"https:\/\/api.w.org\/{rel}","templated":true}]}}