{"id":65101,"date":"2019-12-04T12:45:56","date_gmt":"2019-12-04T15:45:56","guid":{"rendered":"https:\/\/eldiariodesanpedro.com.ar\/sitio\/?p=65101"},"modified":"2019-12-04T12:46:26","modified_gmt":"2019-12-04T15:46:26","slug":"se-realizo-una-denuncia-por-dos-perros-en-estado-de-abandono-y-desnutricion","status":"publish","type":"post","link":"https:\/\/eldiariodesanpedro.com.ar\/sitio\/se-realizo-una-denuncia-por-dos-perros-en-estado-de-abandono-y-desnutricion\/","title":{"rendered":"Se realiz\u00f3 una denuncia por dos perros en estado de abandono y desnutrici\u00f3n"},"content":{"rendered":"<!-- VideographyWP Plugin Message: Automatic video embedding prevented by plugin options. -->\n\n<p>Este martes se recibi\u00f3 una denuncia de un masculino de 41 a\u00f1os de edad, que el d\u00eda lunes tom\u00f3 conocimiento a trav\u00e9s de la red social Facebook que en la p\u00e1gina de \u00abRefugio San Pedro\u00bb  se publico fotos de dos perros que se encuentran en un domicilio ubicado en Calle 35 al 1000 ambos en estado de abandono y desnutrici\u00f3n. <\/p>\n\n\n\n<p>El Diario de San pedro di\u00e1logo con Federico el denunciante quien nos coment\u00f3 que junto a personal de refugio San Pedro se acercaron hasta la vivienda donde lograron entablar un di\u00e1logo con la propietaria de los animales, logrando de manera pac\u00edfica llegar a un acuerdo en primer lugar retirar uno de los perritos y el otro qued\u00e1ndose con la propietaria pero con la condici\u00f3n de ser asistido por la entidad .<\/p>\n\n\n\n<p>El denunciante levantara la denuncia ya que se pudo llegar a un acuerdo para el bien de los animalitos.<\/p>\n","protected":false},"excerpt":{"rendered":"<p>Este martes se recibi\u00f3 una denuncia de un masculino de 41 a\u00f1os de edad, que el d\u00eda lunes tom\u00f3 conocimiento a trav\u00e9s de la red social Facebook que en la p\u00e1gina de \u00abRefugio San Pedro\u00bb se publico fotos de dos perros que se encuentran en un domicilio ubicado en Calle 35 al 1000 ambos en [&hellip;]<\/p>\n","protected":false},"author":4,"featured_media":65104,"comment_status":"open","ping_status":"closed","sticky":false,"template":"","format":"standard","meta":{"om_disable_all_campaigns":false,"_jetpack_memberships_contains_paid_content":false,"footnotes":""},"categories":[2,103],"tags":[690,197,39,33,694,693,19],"class_list":["post-65101","post","type-post","status-publish","format-standard","has-post-thumbnail","hentry","category-locales","category-policiales-locales","tag-abandono","tag-buenos-aires","tag-denuncia","tag-locales","tag-maltratoanimal","tag-perros","tag-san-pedro"],"aioseo_notices":[],"gutentor_comment":0,"jetpack_featured_media_url":"https:\/\/eldiariodesanpedro.com.ar\/sitio\/wp-content\/uploads\/2019\/12\/77030010_437091400527788_2593038010484260864_n.jpg","jetpack_shortlink":"https:\/\/wp.me\/p6RhLt-gW1","jetpack_sharing_enabled":true,"_links":{"self":[{"href":"https:\/\/eldiariodesanpedro.com.ar\/sitio\/wp-json\/wp\/v2\/posts\/65101","targetHints":{"allow":["GET"]}}],"collection":[{"href":"https:\/\/eldiariodesanpedro.com.ar\/sitio\/wp-json\/wp\/v2\/posts"}],"about":[{"href":"https:\/\/eldiariodesanpedro.com.ar\/sitio\/wp-json\/wp\/v2\/types\/post"}],"author":[{"embeddable":true,"href":"https:\/\/eldiariodesanpedro.com.ar\/sitio\/wp-json\/wp\/v2\/users\/4"}],"replies":[{"embeddable":true,"href":"https:\/\/eldiariodesanpedro.com.ar\/sitio\/wp-json\/wp\/v2\/comments?post=65101"}],"version-history":[{"count":2,"href":"https:\/\/eldiariodesanpedro.com.ar\/sitio\/wp-json\/wp\/v2\/posts\/65101\/revisions"}],"predecessor-version":[{"id":65106,"href":"https:\/\/eldiariodesanpedro.com.ar\/sitio\/wp-json\/wp\/v2\/posts\/65101\/revisions\/65106"}],"wp:featuredmedia":[{"embeddable":true,"href":"https:\/\/eldiariodesanpedro.com.ar\/sitio\/wp-json\/wp\/v2\/media\/65104"}],"wp:attachment":[{"href":"https:\/\/eldiariodesanpedro.com.ar\/sitio\/wp-json\/wp\/v2\/media?parent=65101"}],"wp:term":[{"taxonomy":"category","embeddable":true,"href":"https:\/\/eldiariodesanpedro.com.ar\/sitio\/wp-json\/wp\/v2\/categories?post=65101"},{"taxonomy":"post_tag","embeddable":true,"href":"https:\/\/eldiariodesanpedro.com.ar\/sitio\/wp-json\/wp\/v2\/tags?post=65101"}],"curies":[{"name":"wp","href":"https:\/\/api.w.org\/{rel}","templated":true}]}}