{"id":65099,"date":"2019-12-04T11:41:00","date_gmt":"2019-12-04T14:41:00","guid":{"rendered":"https:\/\/eldiariodesanpedro.com.ar\/sitio\/?p=65099"},"modified":"2019-12-04T11:41:05","modified_gmt":"2019-12-04T14:41:05","slug":"se-recupera-una-bicicleta-abandonada-en-la-via-publica","status":"publish","type":"post","link":"https:\/\/eldiariodesanpedro.com.ar\/sitio\/se-recupera-una-bicicleta-abandonada-en-la-via-publica\/","title":{"rendered":"Se recupera una bicicleta abandonada en la v\u00eda p\u00fablica"},"content":{"rendered":"<!-- VideographyWP Plugin Message: Automatic video embedding prevented by plugin options. -->\n\n<p>Durante la noche de martes el personal policial quien fue alertado a traves del servicio 911 en un r\u00e1pido accionar se hace presente en calle Liniers y Cruz Roja.<\/p>\n\n\n\n<p>En este lugar se procede al secuestro de una bicicleta de dama, la cual se encontraba abandonada en v\u00eda p\u00fablica, la que momentos antes hab\u00eda sido sustra\u00edda en cercan\u00edas\u00a0 a un joven de 15 a\u00f1os que circulaba por el lugar mediante intimidaci\u00f3n verbal por parte de un malviviente. <\/p>\n\n\n\n<p>La v\u00edctima result\u00f3 ilesa y se investiga con intervenci\u00f3n de la fiscal\u00eda juvenil de San Nicol\u00e1s<\/p>\n","protected":false},"excerpt":{"rendered":"<p>Durante la noche de martes el personal policial quien fue alertado a traves del servicio 911 en un r\u00e1pido accionar se hace presente en calle Liniers y Cruz Roja. En este lugar se procede al secuestro de una bicicleta de dama, la cual se encontraba abandonada en v\u00eda p\u00fablica, la que momentos antes hab\u00eda sido [&hellip;]<\/p>\n","protected":false},"author":4,"featured_media":61916,"comment_status":"open","ping_status":"closed","sticky":false,"template":"","format":"standard","meta":{"om_disable_all_campaigns":false,"_jetpack_memberships_contains_paid_content":false,"footnotes":""},"categories":[2,103],"tags":[692,197,33,680,19],"class_list":["post-65099","post","type-post","status-publish","format-standard","has-post-thumbnail","hentry","category-locales","category-policiales-locales","tag-bicicleta","tag-buenos-aires","tag-locales","tag-robo","tag-san-pedro"],"aioseo_notices":[],"gutentor_comment":0,"jetpack_featured_media_url":"https:\/\/eldiariodesanpedro.com.ar\/sitio\/wp-content\/uploads\/2019\/10\/0-5.jpg","jetpack_shortlink":"https:\/\/wp.me\/p6RhLt-gVZ","jetpack_sharing_enabled":true,"_links":{"self":[{"href":"https:\/\/eldiariodesanpedro.com.ar\/sitio\/wp-json\/wp\/v2\/posts\/65099","targetHints":{"allow":["GET"]}}],"collection":[{"href":"https:\/\/eldiariodesanpedro.com.ar\/sitio\/wp-json\/wp\/v2\/posts"}],"about":[{"href":"https:\/\/eldiariodesanpedro.com.ar\/sitio\/wp-json\/wp\/v2\/types\/post"}],"author":[{"embeddable":true,"href":"https:\/\/eldiariodesanpedro.com.ar\/sitio\/wp-json\/wp\/v2\/users\/4"}],"replies":[{"embeddable":true,"href":"https:\/\/eldiariodesanpedro.com.ar\/sitio\/wp-json\/wp\/v2\/comments?post=65099"}],"version-history":[{"count":1,"href":"https:\/\/eldiariodesanpedro.com.ar\/sitio\/wp-json\/wp\/v2\/posts\/65099\/revisions"}],"predecessor-version":[{"id":65100,"href":"https:\/\/eldiariodesanpedro.com.ar\/sitio\/wp-json\/wp\/v2\/posts\/65099\/revisions\/65100"}],"wp:featuredmedia":[{"embeddable":true,"href":"https:\/\/eldiariodesanpedro.com.ar\/sitio\/wp-json\/wp\/v2\/media\/61916"}],"wp:attachment":[{"href":"https:\/\/eldiariodesanpedro.com.ar\/sitio\/wp-json\/wp\/v2\/media?parent=65099"}],"wp:term":[{"taxonomy":"category","embeddable":true,"href":"https:\/\/eldiariodesanpedro.com.ar\/sitio\/wp-json\/wp\/v2\/categories?post=65099"},{"taxonomy":"post_tag","embeddable":true,"href":"https:\/\/eldiariodesanpedro.com.ar\/sitio\/wp-json\/wp\/v2\/tags?post=65099"}],"curies":[{"name":"wp","href":"https:\/\/api.w.org\/{rel}","templated":true}]}}