{"id":65092,"date":"2019-12-04T11:20:40","date_gmt":"2019-12-04T14:20:40","guid":{"rendered":"https:\/\/eldiariodesanpedro.com.ar\/sitio\/?p=65092"},"modified":"2019-12-04T11:22:25","modified_gmt":"2019-12-04T14:22:25","slug":"robo-en-un-domicilio-mientras","status":"publish","type":"post","link":"https:\/\/eldiariodesanpedro.com.ar\/sitio\/robo-en-un-domicilio-mientras\/","title":{"rendered":"Robo en un domicilio mientras no se encontraban"},"content":{"rendered":"<!-- VideographyWP Plugin Message: Automatic video embedding prevented by plugin options. -->\n\n<p>Este martes por la tarde un ciudadano de 24 a\u00f1os se acerc\u00f3 a la comisar\u00eda local, donde realiz\u00f3 la denuncia donde declar\u00f3 que el d\u00eda s\u00e1bado pasado, se ausenta de su domicilio ubicado en calle Combate de Obligado 2300, constatando luego que autores ignorados en ausencia de moradores tras violentar porton, ingresaron al domicilio y sustrajeron televisor 32\u201d y&nbsp; una Tablet. <\/p>\n","protected":false},"excerpt":{"rendered":"<p>Este martes por la tarde un ciudadano de 24 a\u00f1os se acerc\u00f3 a la comisar\u00eda local, donde realiz\u00f3 la denuncia donde declar\u00f3 que el d\u00eda s\u00e1bado pasado, se ausenta de su domicilio ubicado en calle Combate de Obligado 2300, constatando luego que autores ignorados en ausencia de moradores tras violentar porton, ingresaron al domicilio y [&hellip;]<\/p>\n","protected":false},"author":4,"featured_media":64991,"comment_status":"open","ping_status":"closed","sticky":false,"template":"","format":"standard","meta":{"om_disable_all_campaigns":false,"_jetpack_memberships_contains_paid_content":false,"footnotes":""},"categories":[2,103],"tags":[197,687,680,19,688],"class_list":["post-65092","post","type-post","status-publish","format-standard","has-post-thumbnail","hentry","category-locales","category-policiales-locales","tag-buenos-aires","tag-domicilio","tag-robo","tag-san-pedro","tag-televisor"],"aioseo_notices":[],"gutentor_comment":0,"jetpack_featured_media_url":"https:\/\/eldiariodesanpedro.com.ar\/sitio\/wp-content\/uploads\/2019\/12\/no_zxt7l49wvfjkdd3no_i75jaf1ux91qs8gpatrullero_noche_1_.jpg","jetpack_shortlink":"https:\/\/wp.me\/p6RhLt-gVS","jetpack_sharing_enabled":true,"_links":{"self":[{"href":"https:\/\/eldiariodesanpedro.com.ar\/sitio\/wp-json\/wp\/v2\/posts\/65092","targetHints":{"allow":["GET"]}}],"collection":[{"href":"https:\/\/eldiariodesanpedro.com.ar\/sitio\/wp-json\/wp\/v2\/posts"}],"about":[{"href":"https:\/\/eldiariodesanpedro.com.ar\/sitio\/wp-json\/wp\/v2\/types\/post"}],"author":[{"embeddable":true,"href":"https:\/\/eldiariodesanpedro.com.ar\/sitio\/wp-json\/wp\/v2\/users\/4"}],"replies":[{"embeddable":true,"href":"https:\/\/eldiariodesanpedro.com.ar\/sitio\/wp-json\/wp\/v2\/comments?post=65092"}],"version-history":[{"count":2,"href":"https:\/\/eldiariodesanpedro.com.ar\/sitio\/wp-json\/wp\/v2\/posts\/65092\/revisions"}],"predecessor-version":[{"id":65095,"href":"https:\/\/eldiariodesanpedro.com.ar\/sitio\/wp-json\/wp\/v2\/posts\/65092\/revisions\/65095"}],"wp:featuredmedia":[{"embeddable":true,"href":"https:\/\/eldiariodesanpedro.com.ar\/sitio\/wp-json\/wp\/v2\/media\/64991"}],"wp:attachment":[{"href":"https:\/\/eldiariodesanpedro.com.ar\/sitio\/wp-json\/wp\/v2\/media?parent=65092"}],"wp:term":[{"taxonomy":"category","embeddable":true,"href":"https:\/\/eldiariodesanpedro.com.ar\/sitio\/wp-json\/wp\/v2\/categories?post=65092"},{"taxonomy":"post_tag","embeddable":true,"href":"https:\/\/eldiariodesanpedro.com.ar\/sitio\/wp-json\/wp\/v2\/tags?post=65092"}],"curies":[{"name":"wp","href":"https:\/\/api.w.org\/{rel}","templated":true}]}}