{"id":65078,"date":"2019-12-04T12:41:23","date_gmt":"2019-12-04T15:41:23","guid":{"rendered":"https:\/\/eldiariodesanpedro.com.ar\/sitio\/?p=65078"},"modified":"2019-12-04T12:41:28","modified_gmt":"2019-12-04T15:41:28","slug":"alquilo-una-casa-por-facebook-y-termino-amenazada-y-golpeada","status":"publish","type":"post","link":"https:\/\/eldiariodesanpedro.com.ar\/sitio\/alquilo-una-casa-por-facebook-y-termino-amenazada-y-golpeada\/","title":{"rendered":"Alquil\u00f3 una casa por facebook y termin\u00f3 amenazada y golpeada"},"content":{"rendered":"<!-- VideographyWP Plugin Message: Automatic video embedding prevented by plugin options. -->\n\n<p>La mujer de 60 a\u00f1os de edad recurri\u00f3 a la red social para buscar una casa donde vivir con su perrita, la encontr\u00f3, le pago tres meses juntos de alquiler al due\u00f1o, le pag\u00f3 la  luz y el gas asegurando su estad\u00eda, esperaba firmar un contrato. El estafador la golpe\u00f3, la echo y la amenazo de muerte.<\/p>\n\n\n\n<p> Cuando advertimos acerca de enga\u00f1os online, habitualmente nos referimos a casos de\u00a0<a rel=\"noreferrer noopener\" href=\"https:\/\/www.welivesecurity.com\/la-es\/2017\/06\/21\/estafa-comun-phishing-sigue-vigente\/\" target=\"_blank\">Phishing<\/a>\u00a0o\u00a0<a rel=\"noreferrer noopener\" href=\"https:\/\/www.welivesecurity.com\/la-es\/2018\/04\/09\/las-estafas-a-traves-de-whatsapp-mas-populares-de-los-ultimos-anos\/\" target=\"_blank\">estafas por Whats App<\/a>. Sin embargo, el anonimato y la masividad que permiten los medios digitales da lugar a todo tipo de tretas y fraudes. <\/p>\n\n\n\n<p>Pero esta vez no fue an\u00f3nimo, el estafador se conoci\u00f3 con la victima y la llevo al supuesto departamento que era para alquilar.<\/p>\n\n\n\n<p>Nuestro medio tom\u00f3 conocimiento de lo que estaba pasando y dialogamos con ella, primeramente protegemos a la v\u00edctima y no publicaremos el nombre, ni el del estafador hasta que la justicia termine su investigaci\u00f3n.<\/p>\n\n\n\n<p>\u00abYo necesitaba donde vivir con mi perrita, primeramente viv\u00eda en Entre R\u00edos y despu\u00e9s que falleci\u00f3 mi marido me vine a mi ciudad San Pedro, estaba en la casa de Normita, agradecida completamente con ella pero no pod\u00eda estar comoda, entonces otra persona que encuentro me cuenta que conocia a alguien que alquilaba una casa por facebook , me pasa su tel\u00e9fono y hablamos por wasap\u00bb<\/p>\n\n\n\n<p>El me dice que ya la tenia que alquilar si la queria porque tenia mucha gente preguntando, yo le dije que si, que tenia que cobrar una plata y que me acompa\u00f1ara al banco asi se quedaba tranquilo, el acepta eso y me acompa\u00f1a en un remis\u00bb<\/p>\n\n\n\n<p>\u00abLuego nos vamos a la casa y a mi me llama la atencion que estaban todas sus cosas, el me dice que se las va a llevar, yo no tenia mucho pero queria estar tranquila, el trato no era este\u00bb<\/p>\n\n\n\n<p> Interesad\u00edsima en la oferta,\u00a0 la victima nos cuenta (muy angustiada) que iniciaron una conversaci\u00f3n\u00a0privada, en la que acordaron que deb\u00eda entregarle lo que tenia para quedarse,\u00a0convencida de esta operaci\u00f3n le entreg\u00f3 el dinero con la promesa que en pocos d\u00edas se reunir\u00edan para celebrar el contrato y concluir con los tr\u00e1mites.<\/p>\n\n\n\n<p>\u00abLe di lo que tenia, casi 40 mil pesos, le di tres meses de alquiler y le pague la luz y el gas, se fue y a la noche volvio, yo me quede sola, cuando vuelve me empezo a increpar violentamente y a decirme que no me va a dar nada, que me valla, me golpea en el brazo, me tira, yo le pido por favor que me deje ir con mi perrita y me amenaza diciendome que me iba a matar, que si me cruza en la calle nos mata a las dos\u00bb<\/p>\n\n\n\n<p>\u00abCuando logro escaparme salgo a la calle sin rumbo a nada, no conozco mucho San Pedro, hace muchos a\u00f1os me fu\u00ed, en la corrida aparece un hombre en una camioneta oscura que me ayuda y me lleva a la Comisaria, me atendieron super bien, me ayudaron y ahora estoy esperando recuperar mis cosas, no tengo que ponerme, mi ropa, mi telefono, todo quedo ahi\u00bb.<\/p>\n\n\n\n<p>La denuncia fue radicada en la dependencia y tomo intervenci\u00f3n la fiscalia en turno, (reservando los datos de la victima) <\/p>\n","protected":false},"excerpt":{"rendered":"<p>La mujer de 60 a\u00f1os de edad recurri\u00f3 a la red social para buscar una casa donde vivir con su perrita, la encontr\u00f3, le pago tres meses juntos de alquiler al due\u00f1o, le pag\u00f3 la luz y el gas asegurando su estad\u00eda, esperaba firmar un contrato. El estafador la golpe\u00f3, la echo y la amenazo [&hellip;]<\/p>\n","protected":false},"author":4,"featured_media":65102,"comment_status":"open","ping_status":"closed","sticky":false,"template":"","format":"standard","meta":{"om_disable_all_campaigns":false,"_jetpack_memberships_contains_paid_content":false,"footnotes":""},"categories":[50,2,103],"tags":[],"class_list":["post-65078","post","type-post","status-publish","format-standard","has-post-thumbnail","hentry","category-destacadas","category-locales","category-policiales-locales"],"aioseo_notices":[],"gutentor_comment":1,"jetpack_featured_media_url":"https:\/\/eldiariodesanpedro.com.ar\/sitio\/wp-content\/uploads\/2019\/12\/mercado-libre-estafa-alquiler.jpg","jetpack_shortlink":"https:\/\/wp.me\/p6RhLt-gVE","jetpack_sharing_enabled":true,"_links":{"self":[{"href":"https:\/\/eldiariodesanpedro.com.ar\/sitio\/wp-json\/wp\/v2\/posts\/65078","targetHints":{"allow":["GET"]}}],"collection":[{"href":"https:\/\/eldiariodesanpedro.com.ar\/sitio\/wp-json\/wp\/v2\/posts"}],"about":[{"href":"https:\/\/eldiariodesanpedro.com.ar\/sitio\/wp-json\/wp\/v2\/types\/post"}],"author":[{"embeddable":true,"href":"https:\/\/eldiariodesanpedro.com.ar\/sitio\/wp-json\/wp\/v2\/users\/4"}],"replies":[{"embeddable":true,"href":"https:\/\/eldiariodesanpedro.com.ar\/sitio\/wp-json\/wp\/v2\/comments?post=65078"}],"version-history":[{"count":1,"href":"https:\/\/eldiariodesanpedro.com.ar\/sitio\/wp-json\/wp\/v2\/posts\/65078\/revisions"}],"predecessor-version":[{"id":65103,"href":"https:\/\/eldiariodesanpedro.com.ar\/sitio\/wp-json\/wp\/v2\/posts\/65078\/revisions\/65103"}],"wp:featuredmedia":[{"embeddable":true,"href":"https:\/\/eldiariodesanpedro.com.ar\/sitio\/wp-json\/wp\/v2\/media\/65102"}],"wp:attachment":[{"href":"https:\/\/eldiariodesanpedro.com.ar\/sitio\/wp-json\/wp\/v2\/media?parent=65078"}],"wp:term":[{"taxonomy":"category","embeddable":true,"href":"https:\/\/eldiariodesanpedro.com.ar\/sitio\/wp-json\/wp\/v2\/categories?post=65078"},{"taxonomy":"post_tag","embeddable":true,"href":"https:\/\/eldiariodesanpedro.com.ar\/sitio\/wp-json\/wp\/v2\/tags?post=65078"}],"curies":[{"name":"wp","href":"https:\/\/api.w.org\/{rel}","templated":true}]}}