{"id":64902,"date":"2019-12-01T12:58:03","date_gmt":"2019-12-01T15:58:03","guid":{"rendered":"https:\/\/eldiariodesanpedro.com.ar\/sitio\/?p=64902"},"modified":"2019-12-01T12:58:08","modified_gmt":"2019-12-01T15:58:08","slug":"viveristas-otro-ano-de-logros","status":"publish","type":"post","link":"https:\/\/eldiariodesanpedro.com.ar\/sitio\/viveristas-otro-ano-de-logros\/","title":{"rendered":"Viveristas: otro a\u00f1o de logros"},"content":{"rendered":"<!-- VideographyWP Plugin Message: Automatic video embedding prevented by plugin options. -->\n\n<p>\n\nCuando el esfuerzo alcanza resultados, la alegr\u00eda se redobla. Y as\u00ed lo vivieron los integrantes de la C\u00e1mara de Viveristas que como cada a\u00f1o desde su formaci\u00f3n se reunieron a festejar el a\u00f1o que se va y prepararse para los desaf\u00edos que les propone el 2020.<\/p>\n\n\n\n<p>Con alta participaci\u00f3n de las instituciones con las que se trabaja todo el a\u00f1o: la Municipalidad de San Pedro, el INTA, Febapri, el Cl\u00faster Flor\u00edcola, la Asociaci\u00f3n Argentina de Floricultores y el SENASA, los viveristas de San Pedro se reunieron a celebrar un a\u00f1o lleno de logros.&nbsp; Proyectos colectivos y financiaci\u00f3n, puesta en valor de nuestras producciones, el trabajo mancomunado con otras instituciones, la participaci\u00f3n en eventos de alta exposici\u00f3n, y el abordaje de nuestros problemas, son esas l\u00edneas rectoras que marcaron el a\u00f1o.&nbsp;<\/p>\n\n\n\n<p>El encuentro fue social, pero tambi\u00e9n institucional. Hablaron todas las instituciones reconociendo los logros el trabajo en equipo la dedicaci\u00f3n de la comisi\u00f3n directiva, y valorando la importancia de participar. Los participantes se llevaron un bolet\u00edn que sintetiza los logros del a\u00f1o y da una perspectiva de lo que vendr\u00e1, con la puesta en funcionamiento del sistema de sello de calidad cl\u00faster para los rosales, y la implementaci\u00f3n del trabajo de estandarizaci\u00f3n de calidad de plantas en maceta.\n\n<\/p>\n","protected":false},"excerpt":{"rendered":"<p>Cuando el esfuerzo alcanza resultados, la alegr\u00eda se redobla. Y as\u00ed lo vivieron los integrantes de la C\u00e1mara de Viveristas que como cada a\u00f1o desde su formaci\u00f3n se reunieron a festejar el a\u00f1o que se va y prepararse para los desaf\u00edos que les propone el 2020. Con alta participaci\u00f3n de las instituciones con las que [&hellip;]<\/p>\n","protected":false},"author":4,"featured_media":64903,"comment_status":"open","ping_status":"closed","sticky":false,"template":"","format":"standard","meta":{"om_disable_all_campaigns":false,"_jetpack_memberships_contains_paid_content":false,"footnotes":""},"categories":[101,2],"tags":[],"class_list":["post-64902","post","type-post","status-publish","format-standard","has-post-thumbnail","hentry","category-interes-general-locales","category-locales"],"aioseo_notices":[],"gutentor_comment":0,"jetpack_featured_media_url":"https:\/\/eldiariodesanpedro.com.ar\/sitio\/wp-content\/uploads\/2019\/12\/74313599_2517730931842222_5422995642605633536_o.jpg","jetpack_shortlink":"https:\/\/wp.me\/p6RhLt-gSO","jetpack_sharing_enabled":true,"_links":{"self":[{"href":"https:\/\/eldiariodesanpedro.com.ar\/sitio\/wp-json\/wp\/v2\/posts\/64902","targetHints":{"allow":["GET"]}}],"collection":[{"href":"https:\/\/eldiariodesanpedro.com.ar\/sitio\/wp-json\/wp\/v2\/posts"}],"about":[{"href":"https:\/\/eldiariodesanpedro.com.ar\/sitio\/wp-json\/wp\/v2\/types\/post"}],"author":[{"embeddable":true,"href":"https:\/\/eldiariodesanpedro.com.ar\/sitio\/wp-json\/wp\/v2\/users\/4"}],"replies":[{"embeddable":true,"href":"https:\/\/eldiariodesanpedro.com.ar\/sitio\/wp-json\/wp\/v2\/comments?post=64902"}],"version-history":[{"count":1,"href":"https:\/\/eldiariodesanpedro.com.ar\/sitio\/wp-json\/wp\/v2\/posts\/64902\/revisions"}],"predecessor-version":[{"id":64904,"href":"https:\/\/eldiariodesanpedro.com.ar\/sitio\/wp-json\/wp\/v2\/posts\/64902\/revisions\/64904"}],"wp:featuredmedia":[{"embeddable":true,"href":"https:\/\/eldiariodesanpedro.com.ar\/sitio\/wp-json\/wp\/v2\/media\/64903"}],"wp:attachment":[{"href":"https:\/\/eldiariodesanpedro.com.ar\/sitio\/wp-json\/wp\/v2\/media?parent=64902"}],"wp:term":[{"taxonomy":"category","embeddable":true,"href":"https:\/\/eldiariodesanpedro.com.ar\/sitio\/wp-json\/wp\/v2\/categories?post=64902"},{"taxonomy":"post_tag","embeddable":true,"href":"https:\/\/eldiariodesanpedro.com.ar\/sitio\/wp-json\/wp\/v2\/tags?post=64902"}],"curies":[{"name":"wp","href":"https:\/\/api.w.org\/{rel}","templated":true}]}}