{"id":64880,"date":"2019-11-30T10:52:05","date_gmt":"2019-11-30T13:52:05","guid":{"rendered":"https:\/\/eldiariodesanpedro.com.ar\/sitio\/?p=64880"},"modified":"2019-11-30T10:52:12","modified_gmt":"2019-11-30T13:52:12","slug":"una-joven-herida-con-arma-blanca-en-la-via-publica","status":"publish","type":"post","link":"https:\/\/eldiariodesanpedro.com.ar\/sitio\/una-joven-herida-con-arma-blanca-en-la-via-publica\/","title":{"rendered":"Una joven herida con arma blanca en la v\u00eda publica"},"content":{"rendered":"<!-- VideographyWP Plugin Message: Automatic video embedding prevented by plugin options. -->\n\n<p>Sucedi\u00f3 por la noche de este viernes, la femenina de 18 a\u00f1os de edad fue agredida por otra.<\/p>\n\n\n\n<p>La victima ingres\u00f3 al nosocomio local con una herida de elemento cortante en el abdomen. La misma refiere que fue ataca en la v\u00eda p\u00fablica por otra femenina con quien tiene conflicto de larga data.<\/p>\n\n\n\n<p>Tambi\u00e9n, en calle Lavalle al 1400 se  procede a la aprehensi\u00f3n de un  masculino de 30 a\u00f1os, quien en estado de excitaci\u00f3n, portaba arma blanca, ocasionando disturbios. <\/p>\n\n\n\n<p>Se labraron actuaciones por infracci\u00f3n a c\u00f3digo de faltas, con injerencias del Juzgado de Paz Local.<br><\/p>\n","protected":false},"excerpt":{"rendered":"<p>Sucedi\u00f3 por la noche de este viernes, la femenina de 18 a\u00f1os de edad fue agredida por otra. La victima ingres\u00f3 al nosocomio local con una herida de elemento cortante en el abdomen. La misma refiere que fue ataca en la v\u00eda p\u00fablica por otra femenina con quien tiene conflicto de larga data. Tambi\u00e9n, en [&hellip;]<\/p>\n","protected":false},"author":4,"featured_media":62910,"comment_status":"open","ping_status":"closed","sticky":false,"template":"","format":"standard","meta":{"om_disable_all_campaigns":false,"_jetpack_memberships_contains_paid_content":false,"footnotes":""},"categories":[2,103],"tags":[],"class_list":["post-64880","post","type-post","status-publish","format-standard","has-post-thumbnail","hentry","category-locales","category-policiales-locales"],"aioseo_notices":[],"gutentor_comment":0,"jetpack_featured_media_url":"https:\/\/eldiariodesanpedro.com.ar\/sitio\/wp-content\/uploads\/2019\/10\/guardia-2-940x528_0.jpg","jetpack_shortlink":"https:\/\/wp.me\/p6RhLt-gSs","jetpack_sharing_enabled":true,"_links":{"self":[{"href":"https:\/\/eldiariodesanpedro.com.ar\/sitio\/wp-json\/wp\/v2\/posts\/64880","targetHints":{"allow":["GET"]}}],"collection":[{"href":"https:\/\/eldiariodesanpedro.com.ar\/sitio\/wp-json\/wp\/v2\/posts"}],"about":[{"href":"https:\/\/eldiariodesanpedro.com.ar\/sitio\/wp-json\/wp\/v2\/types\/post"}],"author":[{"embeddable":true,"href":"https:\/\/eldiariodesanpedro.com.ar\/sitio\/wp-json\/wp\/v2\/users\/4"}],"replies":[{"embeddable":true,"href":"https:\/\/eldiariodesanpedro.com.ar\/sitio\/wp-json\/wp\/v2\/comments?post=64880"}],"version-history":[{"count":1,"href":"https:\/\/eldiariodesanpedro.com.ar\/sitio\/wp-json\/wp\/v2\/posts\/64880\/revisions"}],"predecessor-version":[{"id":64881,"href":"https:\/\/eldiariodesanpedro.com.ar\/sitio\/wp-json\/wp\/v2\/posts\/64880\/revisions\/64881"}],"wp:featuredmedia":[{"embeddable":true,"href":"https:\/\/eldiariodesanpedro.com.ar\/sitio\/wp-json\/wp\/v2\/media\/62910"}],"wp:attachment":[{"href":"https:\/\/eldiariodesanpedro.com.ar\/sitio\/wp-json\/wp\/v2\/media?parent=64880"}],"wp:term":[{"taxonomy":"category","embeddable":true,"href":"https:\/\/eldiariodesanpedro.com.ar\/sitio\/wp-json\/wp\/v2\/categories?post=64880"},{"taxonomy":"post_tag","embeddable":true,"href":"https:\/\/eldiariodesanpedro.com.ar\/sitio\/wp-json\/wp\/v2\/tags?post=64880"}],"curies":[{"name":"wp","href":"https:\/\/api.w.org\/{rel}","templated":true}]}}