{"id":64878,"date":"2019-11-30T10:28:42","date_gmt":"2019-11-30T13:28:42","guid":{"rendered":"https:\/\/eldiariodesanpedro.com.ar\/sitio\/?p=64878"},"modified":"2019-11-30T10:28:47","modified_gmt":"2019-11-30T13:28:47","slug":"aprehendido-con-bolsas-de-durazno","status":"publish","type":"post","link":"https:\/\/eldiariodesanpedro.com.ar\/sitio\/aprehendido-con-bolsas-de-durazno\/","title":{"rendered":"Aprehendido con bolsas de durazno"},"content":{"rendered":"<!-- VideographyWP Plugin Message: Automatic video embedding prevented by plugin options. -->\n\n<p>El joven de 24 a\u00f1os de edad tenia en su poder dos bolsas de durazno que habr\u00eda sustra\u00eddo de un campo con plantaciones.<\/p>\n\n\n\n<p>Personal policial en recorrida habitual, aprehendi\u00f3 a un sujeto quien caminaba con bolsas de durazno. A su identificaci\u00f3n se constata que hab\u00edan sido sustra\u00eddos de un campo cercano sobre calle Lucio Mansilla.<\/p>\n\n\n\n<p>Fue aprehendido y trasladado a la dependencia local. El propietario del lugar radico la denuncia correspondiente.<\/p>\n\n\n\n<p>Intervino la fiscalia en turno, quien inicio recaudos legales y posterior libertad.<\/p>\n","protected":false},"excerpt":{"rendered":"<p>El joven de 24 a\u00f1os de edad tenia en su poder dos bolsas de durazno que habr\u00eda sustra\u00eddo de un campo con plantaciones. Personal policial en recorrida habitual, aprehendi\u00f3 a un sujeto quien caminaba con bolsas de durazno. A su identificaci\u00f3n se constata que hab\u00edan sido sustra\u00eddos de un campo cercano sobre calle Lucio Mansilla. [&hellip;]<\/p>\n","protected":false},"author":4,"featured_media":64449,"comment_status":"open","ping_status":"closed","sticky":false,"template":"","format":"standard","meta":{"om_disable_all_campaigns":false,"_jetpack_memberships_contains_paid_content":false,"footnotes":""},"categories":[2,103],"tags":[],"class_list":["post-64878","post","type-post","status-publish","format-standard","has-post-thumbnail","hentry","category-locales","category-policiales-locales"],"aioseo_notices":[],"gutentor_comment":0,"jetpack_featured_media_url":"https:\/\/eldiariodesanpedro.com.ar\/sitio\/wp-content\/uploads\/2019\/11\/patrullero-policia_10.jpg","jetpack_shortlink":"https:\/\/wp.me\/p6RhLt-gSq","jetpack_sharing_enabled":true,"_links":{"self":[{"href":"https:\/\/eldiariodesanpedro.com.ar\/sitio\/wp-json\/wp\/v2\/posts\/64878","targetHints":{"allow":["GET"]}}],"collection":[{"href":"https:\/\/eldiariodesanpedro.com.ar\/sitio\/wp-json\/wp\/v2\/posts"}],"about":[{"href":"https:\/\/eldiariodesanpedro.com.ar\/sitio\/wp-json\/wp\/v2\/types\/post"}],"author":[{"embeddable":true,"href":"https:\/\/eldiariodesanpedro.com.ar\/sitio\/wp-json\/wp\/v2\/users\/4"}],"replies":[{"embeddable":true,"href":"https:\/\/eldiariodesanpedro.com.ar\/sitio\/wp-json\/wp\/v2\/comments?post=64878"}],"version-history":[{"count":1,"href":"https:\/\/eldiariodesanpedro.com.ar\/sitio\/wp-json\/wp\/v2\/posts\/64878\/revisions"}],"predecessor-version":[{"id":64879,"href":"https:\/\/eldiariodesanpedro.com.ar\/sitio\/wp-json\/wp\/v2\/posts\/64878\/revisions\/64879"}],"wp:featuredmedia":[{"embeddable":true,"href":"https:\/\/eldiariodesanpedro.com.ar\/sitio\/wp-json\/wp\/v2\/media\/64449"}],"wp:attachment":[{"href":"https:\/\/eldiariodesanpedro.com.ar\/sitio\/wp-json\/wp\/v2\/media?parent=64878"}],"wp:term":[{"taxonomy":"category","embeddable":true,"href":"https:\/\/eldiariodesanpedro.com.ar\/sitio\/wp-json\/wp\/v2\/categories?post=64878"},{"taxonomy":"post_tag","embeddable":true,"href":"https:\/\/eldiariodesanpedro.com.ar\/sitio\/wp-json\/wp\/v2\/tags?post=64878"}],"curies":[{"name":"wp","href":"https:\/\/api.w.org\/{rel}","templated":true}]}}