{"id":64869,"date":"2019-11-30T10:11:50","date_gmt":"2019-11-30T13:11:50","guid":{"rendered":"https:\/\/eldiariodesanpedro.com.ar\/sitio\/?p=64869"},"modified":"2019-11-30T10:12:42","modified_gmt":"2019-11-30T13:12:42","slug":"baradero-solicitan-ayuda-para-la-familia-de-la-nina-marcela-silva-que-debe-ser-intervenida-quirurgicamente","status":"publish","type":"post","link":"https:\/\/eldiariodesanpedro.com.ar\/sitio\/baradero-solicitan-ayuda-para-la-familia-de-la-nina-marcela-silva-que-debe-ser-intervenida-quirurgicamente\/","title":{"rendered":"BARADERO: Solicitan ayuda para la familia de la ni\u00f1a Marcela Silva que debe ser intervenida quir\u00fargicamente!!!"},"content":{"rendered":"<!-- VideographyWP Plugin Message: Automatic video embedding prevented by plugin options. -->\n\n<p>&nbsp;La ni\u00f1a, Marcela Silva&nbsp; de 6 a\u00f1os de edad,&nbsp; est\u00e1 internada en el Hospital Garrahan en Buenos Aires&nbsp; y este viernes 29 de Noviembre debe ser intervenida quir\u00fargicamente en su cabecita por un mal que la aqueja.<\/p>\n\n\n\n<p>La familia que est\u00e1 a su lado, necesita solventar los gastos que se originan para poder quedarse con ella y&nbsp; solicitan colaboraci\u00f3n de la comunidad, ya que no pueden hacer frente a los mismos.<\/p>\n\n\n\n<p>Para ello se habilit\u00f3 una cuenta en el Banco Santander R\u00edo a nombre de Oscar Silva.<\/p>\n\n\n\n<figure class=\"wp-block-image\"><img decoding=\"async\" width=\"640\" height=\"570\" data-attachment-id=\"64870\" data-permalink=\"https:\/\/eldiariodesanpedro.com.ar\/sitio\/baradero-solicitan-ayuda-para-la-familia-de-la-nina-marcela-silva-que-debe-ser-intervenida-quirurgicamente\/15-640x480\/\" data-orig-file=\"https:\/\/eldiariodesanpedro.com.ar\/sitio\/wp-content\/uploads\/2019\/11\/15-640x480.jpg\" data-orig-size=\"640,570\" data-comments-opened=\"1\" data-image-meta=\"{&quot;aperture&quot;:&quot;0&quot;,&quot;credit&quot;:&quot;&quot;,&quot;camera&quot;:&quot;&quot;,&quot;caption&quot;:&quot;&quot;,&quot;created_timestamp&quot;:&quot;0&quot;,&quot;copyright&quot;:&quot;&quot;,&quot;focal_length&quot;:&quot;0&quot;,&quot;iso&quot;:&quot;0&quot;,&quot;shutter_speed&quot;:&quot;0&quot;,&quot;title&quot;:&quot;&quot;,&quot;orientation&quot;:&quot;0&quot;}\" data-image-title=\"15-640&amp;#215;480\" data-image-description=\"\" data-image-caption=\"\" data-large-file=\"https:\/\/eldiariodesanpedro.com.ar\/sitio\/wp-content\/uploads\/2019\/11\/15-640x480.jpg\" data-src=\"https:\/\/eldiariodesanpedro.com.ar\/sitio\/wp-content\/uploads\/2019\/11\/15-640x480.jpg\" alt=\"\" class=\"wp-image-64870 lazyload\" data-srcset=\"https:\/\/eldiariodesanpedro.com.ar\/sitio\/wp-content\/uploads\/2019\/11\/15-640x480.jpg 640w, https:\/\/eldiariodesanpedro.com.ar\/sitio\/wp-content\/uploads\/2019\/11\/15-640x480-300x267.jpg 300w\" data-sizes=\"(max-width: 640px) 100vw, 640px\" src=\"data:image\/svg+xml;base64,PHN2ZyB3aWR0aD0iMSIgaGVpZ2h0PSIxIiB4bWxucz0iaHR0cDovL3d3dy53My5vcmcvMjAwMC9zdmciPjwvc3ZnPg==\" style=\"--smush-placeholder-width: 640px; --smush-placeholder-aspect-ratio: 640\/570;\" \/><\/figure>\n\n\n\n<p>FUENTE: BARADERO HOY<\/p>\n","protected":false},"excerpt":{"rendered":"<p>&nbsp;La ni\u00f1a, Marcela Silva&nbsp; de 6 a\u00f1os de edad,&nbsp; est\u00e1 internada en el Hospital Garrahan en Buenos Aires&nbsp; y este viernes 29 de Noviembre debe ser intervenida quir\u00fargicamente en su cabecita por un mal que la aqueja. La familia que est\u00e1 a su lado, necesita solventar los gastos que se originan para poder quedarse con [&hellip;]<\/p>\n","protected":false},"author":4,"featured_media":64870,"comment_status":"open","ping_status":"closed","sticky":false,"template":"","format":"standard","meta":{"om_disable_all_campaigns":false,"_jetpack_memberships_contains_paid_content":false,"footnotes":""},"categories":[621],"tags":[],"class_list":["post-64869","post","type-post","status-publish","format-standard","has-post-thumbnail","hentry","category-regionales"],"aioseo_notices":[],"gutentor_comment":0,"jetpack_featured_media_url":"https:\/\/eldiariodesanpedro.com.ar\/sitio\/wp-content\/uploads\/2019\/11\/15-640x480.jpg","jetpack_shortlink":"https:\/\/wp.me\/p6RhLt-gSh","jetpack_sharing_enabled":true,"_links":{"self":[{"href":"https:\/\/eldiariodesanpedro.com.ar\/sitio\/wp-json\/wp\/v2\/posts\/64869","targetHints":{"allow":["GET"]}}],"collection":[{"href":"https:\/\/eldiariodesanpedro.com.ar\/sitio\/wp-json\/wp\/v2\/posts"}],"about":[{"href":"https:\/\/eldiariodesanpedro.com.ar\/sitio\/wp-json\/wp\/v2\/types\/post"}],"author":[{"embeddable":true,"href":"https:\/\/eldiariodesanpedro.com.ar\/sitio\/wp-json\/wp\/v2\/users\/4"}],"replies":[{"embeddable":true,"href":"https:\/\/eldiariodesanpedro.com.ar\/sitio\/wp-json\/wp\/v2\/comments?post=64869"}],"version-history":[{"count":2,"href":"https:\/\/eldiariodesanpedro.com.ar\/sitio\/wp-json\/wp\/v2\/posts\/64869\/revisions"}],"predecessor-version":[{"id":64872,"href":"https:\/\/eldiariodesanpedro.com.ar\/sitio\/wp-json\/wp\/v2\/posts\/64869\/revisions\/64872"}],"wp:featuredmedia":[{"embeddable":true,"href":"https:\/\/eldiariodesanpedro.com.ar\/sitio\/wp-json\/wp\/v2\/media\/64870"}],"wp:attachment":[{"href":"https:\/\/eldiariodesanpedro.com.ar\/sitio\/wp-json\/wp\/v2\/media?parent=64869"}],"wp:term":[{"taxonomy":"category","embeddable":true,"href":"https:\/\/eldiariodesanpedro.com.ar\/sitio\/wp-json\/wp\/v2\/categories?post=64869"},{"taxonomy":"post_tag","embeddable":true,"href":"https:\/\/eldiariodesanpedro.com.ar\/sitio\/wp-json\/wp\/v2\/tags?post=64869"}],"curies":[{"name":"wp","href":"https:\/\/api.w.org\/{rel}","templated":true}]}}