{"id":64864,"date":"2019-11-30T09:37:50","date_gmt":"2019-11-30T12:37:50","guid":{"rendered":"https:\/\/eldiariodesanpedro.com.ar\/sitio\/?p=64864"},"modified":"2019-11-30T10:08:07","modified_gmt":"2019-11-30T13:08:07","slug":"gran-respuesta-solidaria-a-la-choripaneada-para-agustin-y-diego-iglesias","status":"publish","type":"post","link":"https:\/\/eldiariodesanpedro.com.ar\/sitio\/gran-respuesta-solidaria-a-la-choripaneada-para-agustin-y-diego-iglesias\/","title":{"rendered":"Gran respuesta solidaria a la choripaneada para Agust\u00edn y Diego Iglesias"},"content":{"rendered":"<!-- VideographyWP Plugin Message: Automatic video embedding prevented by plugin options. -->\n\n<p>El evento se realizo este viernes por la noche y fue una de las actividades que anunciaron para recaudar fondos para la familia. <\/p>\n\n\n\n<p>Los j\u00f3venes que fueron gravemente quemados en un incendio de una panader\u00eda ubicada en Manuel Iglesias al 2100, donde trabajaban el lunes por la ma\u00f1ana,  ya se encuentran internados en el Instituto del Quemado en Bs As.<\/p>\n\n\n\n<p>Recordamos que Agust\u00edn sufri\u00f3 quemaduras del 75% en su cuerpo y Diego casi el 50%.<\/p>\n\n\n\n<p>Por la noche de este viernes, la choripaneada solidaria tuvo una buena respuesta de la gente. Ademas comerciantes y particulares colaboraron en donaciones para que se hiciera posible el evento.<\/p>\n\n\n\n<p>Mas de 800 chorizos y 200 hamburguesas fue parte de la venta, sumando las bebidas donde todo lo recaudado es para la familia de Agust\u00edn y Diego. Las parejas de los dos est\u00e1n en la \u00faltima etapa de su embarazo. <\/p>\n\n\n\n<p>La familia agradece a Eduardo Oilher y su familia, a Francisco Cort\u00e9s y su mam\u00e1 Vale, Malena Leiva, Luc\u00eda y a Movimiento Popular la Dignidad \u00abLa Roska\u00bb.<\/p>\n\n\n\n<p>Los hermanos siguen luchando por su vida, el parte de los m\u00e9dicos es favorable pero tendr\u00e1n mucho tiempo all\u00ed. <\/p>\n\n\n\n<figure><iframe data-src=\"https:\/\/www.facebook.com\/plugins\/post.php?href=https%3A%2F%2Fwww.facebook.com%2Fceleste.pereyra.735%2Fposts%2F1484704121668334&amp;width=500\" width=\"500\" height=\"687\" src=\"data:image\/svg+xml;base64,PHN2ZyB3aWR0aD0iMSIgaGVpZ2h0PSIxIiB4bWxucz0iaHR0cDovL3d3dy53My5vcmcvMjAwMC9zdmciPjwvc3ZnPg==\" class=\"lazyload\" data-load-mode=\"1\"><\/iframe><\/figure>\n","protected":false},"excerpt":{"rendered":"<p>El evento se realizo este viernes por la noche y fue una de las actividades que anunciaron para recaudar fondos para la familia. Los j\u00f3venes que fueron gravemente quemados en un incendio de una panader\u00eda ubicada en Manuel Iglesias al 2100, donde trabajaban el lunes por la ma\u00f1ana, ya se encuentran internados en el Instituto [&hellip;]<\/p>\n","protected":false},"author":4,"featured_media":64865,"comment_status":"open","ping_status":"closed","sticky":false,"template":"","format":"standard","meta":{"om_disable_all_campaigns":false,"_jetpack_memberships_contains_paid_content":false,"footnotes":""},"categories":[101,2],"tags":[],"class_list":["post-64864","post","type-post","status-publish","format-standard","has-post-thumbnail","hentry","category-interes-general-locales","category-locales"],"aioseo_notices":[],"gutentor_comment":0,"jetpack_featured_media_url":"https:\/\/eldiariodesanpedro.com.ar\/sitio\/wp-content\/uploads\/2019\/11\/IMG-20191129-WA0113.jpg","jetpack_shortlink":"https:\/\/wp.me\/p6RhLt-gSc","jetpack_sharing_enabled":true,"_links":{"self":[{"href":"https:\/\/eldiariodesanpedro.com.ar\/sitio\/wp-json\/wp\/v2\/posts\/64864","targetHints":{"allow":["GET"]}}],"collection":[{"href":"https:\/\/eldiariodesanpedro.com.ar\/sitio\/wp-json\/wp\/v2\/posts"}],"about":[{"href":"https:\/\/eldiariodesanpedro.com.ar\/sitio\/wp-json\/wp\/v2\/types\/post"}],"author":[{"embeddable":true,"href":"https:\/\/eldiariodesanpedro.com.ar\/sitio\/wp-json\/wp\/v2\/users\/4"}],"replies":[{"embeddable":true,"href":"https:\/\/eldiariodesanpedro.com.ar\/sitio\/wp-json\/wp\/v2\/comments?post=64864"}],"version-history":[{"count":2,"href":"https:\/\/eldiariodesanpedro.com.ar\/sitio\/wp-json\/wp\/v2\/posts\/64864\/revisions"}],"predecessor-version":[{"id":64868,"href":"https:\/\/eldiariodesanpedro.com.ar\/sitio\/wp-json\/wp\/v2\/posts\/64864\/revisions\/64868"}],"wp:featuredmedia":[{"embeddable":true,"href":"https:\/\/eldiariodesanpedro.com.ar\/sitio\/wp-json\/wp\/v2\/media\/64865"}],"wp:attachment":[{"href":"https:\/\/eldiariodesanpedro.com.ar\/sitio\/wp-json\/wp\/v2\/media?parent=64864"}],"wp:term":[{"taxonomy":"category","embeddable":true,"href":"https:\/\/eldiariodesanpedro.com.ar\/sitio\/wp-json\/wp\/v2\/categories?post=64864"},{"taxonomy":"post_tag","embeddable":true,"href":"https:\/\/eldiariodesanpedro.com.ar\/sitio\/wp-json\/wp\/v2\/tags?post=64864"}],"curies":[{"name":"wp","href":"https:\/\/api.w.org\/{rel}","templated":true}]}}