{"id":64860,"date":"2019-11-29T17:23:57","date_gmt":"2019-11-29T20:23:57","guid":{"rendered":"https:\/\/eldiariodesanpedro.com.ar\/sitio\/?p=64860"},"modified":"2019-11-29T17:46:35","modified_gmt":"2019-11-29T20:46:35","slug":"implementan-la-garita-de-monitoreo-movil","status":"publish","type":"post","link":"https:\/\/eldiariodesanpedro.com.ar\/sitio\/implementan-la-garita-de-monitoreo-movil\/","title":{"rendered":"Instalaron la primera garita de monitoreo m\u00f3vil"},"content":{"rendered":"<!-- VideographyWP Plugin Message: Automatic video embedding prevented by plugin options. -->\n\n<p>Ya esta alojada en intersecci\u00f3n de las calles La Laguna y Lucio Mansilla. Este fin de semana sera la zona con mas movimiento de turistas y sampedrinos por las actividades del Aniversario del Fortin.<\/p>\n\n\n\n<p>Ya funciona la primeras torre de videovigilancia m\u00f3vil.  Se trata de una garita\u00a0que este viernes desde temprano se encuentra ubicada en las intersecciones de La Laguna y Lucio Mansilla.<\/p>\n\n\n\n<p> Las TVM est\u00e1n\u00a0blindadas, son transportables y se conectan con el Centro de Monitoreo  de la Polic\u00eda de la Ciudad. Ser\u00e1n clave para prevenci\u00f3n y  combatir el ataque de los motochorros, como as\u00ed tambi\u00e9n robos y arrebatos.<\/p>\n\n\n\n<p>Poseen un centro de comando con pantallas, c\u00e1maras\u00a0<strong>domo con visi\u00f3n infrarroja de 360 grados<\/strong>, y pueden elevarse hasta 5 metros de altura, lo que permitir\u00e1 una visi\u00f3n con alcance panor\u00e1mico a cualquier hora del d\u00eda. <\/p>\n\n\n\n<p>\u00abPueden replegarse y engancharse a una camioneta para ser desplazadas hacia otros puntos r\u00e1pidamente\u00bb, explicaron desde la fuerza, \u00abse utilizaran en barrios conflictivos y se utilizaran en eventos. Adem\u00e1s permiten monitorear situaciones con mayor anticipaci\u00f3n y alertar r\u00e1pidamente\u00bb .<\/p>\n\n\n\n<p> La TVM no son nuevas. Ya en el verano 2017, en el marco del Operativo Sol,\u00a0<a href=\"https:\/\/www.clarin.com\/sociedad\/cuidar-turistas-instalan-garitas-vigilancia-varias-playas-costa_0_BkBFekvUl.html\">se hab\u00edan instalado en varias playas de la Costa Atl\u00e1ntica<\/a>, como Pinamar, Gesell y Mar de las Pampas. <\/p>\n","protected":false},"excerpt":{"rendered":"<p>Ya esta alojada en intersecci\u00f3n de las calles La Laguna y Lucio Mansilla. Este fin de semana sera la zona con mas movimiento de turistas y sampedrinos por las actividades del Aniversario del Fortin. Ya funciona la primeras torre de videovigilancia m\u00f3vil. Se trata de una garita\u00a0que este viernes desde temprano se encuentra ubicada en [&hellip;]<\/p>\n","protected":false},"author":4,"featured_media":64858,"comment_status":"open","ping_status":"closed","sticky":false,"template":"","format":"standard","meta":{"om_disable_all_campaigns":false,"_jetpack_memberships_contains_paid_content":false,"footnotes":""},"categories":[50,2,103],"tags":[],"class_list":["post-64860","post","type-post","status-publish","format-standard","has-post-thumbnail","hentry","category-destacadas","category-locales","category-policiales-locales"],"aioseo_notices":[],"gutentor_comment":2,"jetpack_featured_media_url":"https:\/\/eldiariodesanpedro.com.ar\/sitio\/wp-content\/uploads\/2019\/11\/PicsArt_11-29-05.06.00.png","jetpack_shortlink":"https:\/\/wp.me\/p6RhLt-gS8","jetpack_sharing_enabled":true,"_links":{"self":[{"href":"https:\/\/eldiariodesanpedro.com.ar\/sitio\/wp-json\/wp\/v2\/posts\/64860","targetHints":{"allow":["GET"]}}],"collection":[{"href":"https:\/\/eldiariodesanpedro.com.ar\/sitio\/wp-json\/wp\/v2\/posts"}],"about":[{"href":"https:\/\/eldiariodesanpedro.com.ar\/sitio\/wp-json\/wp\/v2\/types\/post"}],"author":[{"embeddable":true,"href":"https:\/\/eldiariodesanpedro.com.ar\/sitio\/wp-json\/wp\/v2\/users\/4"}],"replies":[{"embeddable":true,"href":"https:\/\/eldiariodesanpedro.com.ar\/sitio\/wp-json\/wp\/v2\/comments?post=64860"}],"version-history":[{"count":3,"href":"https:\/\/eldiariodesanpedro.com.ar\/sitio\/wp-json\/wp\/v2\/posts\/64860\/revisions"}],"predecessor-version":[{"id":64863,"href":"https:\/\/eldiariodesanpedro.com.ar\/sitio\/wp-json\/wp\/v2\/posts\/64860\/revisions\/64863"}],"wp:featuredmedia":[{"embeddable":true,"href":"https:\/\/eldiariodesanpedro.com.ar\/sitio\/wp-json\/wp\/v2\/media\/64858"}],"wp:attachment":[{"href":"https:\/\/eldiariodesanpedro.com.ar\/sitio\/wp-json\/wp\/v2\/media?parent=64860"}],"wp:term":[{"taxonomy":"category","embeddable":true,"href":"https:\/\/eldiariodesanpedro.com.ar\/sitio\/wp-json\/wp\/v2\/categories?post=64860"},{"taxonomy":"post_tag","embeddable":true,"href":"https:\/\/eldiariodesanpedro.com.ar\/sitio\/wp-json\/wp\/v2\/tags?post=64860"}],"curies":[{"name":"wp","href":"https:\/\/api.w.org\/{rel}","templated":true}]}}