{"id":64855,"date":"2019-11-29T13:53:24","date_gmt":"2019-11-29T16:53:24","guid":{"rendered":"https:\/\/eldiariodesanpedro.com.ar\/sitio\/?p=64855"},"modified":"2019-11-29T13:53:37","modified_gmt":"2019-11-29T16:53:37","slug":"san-nicolas-artistas-le-dicen-no-a-la-violencia-machista","status":"publish","type":"post","link":"https:\/\/eldiariodesanpedro.com.ar\/sitio\/san-nicolas-artistas-le-dicen-no-a-la-violencia-machista\/","title":{"rendered":"SAN NICOL\u00c1S | Artistas le dicen \u00abno\u00bb a la violencia machista"},"content":{"rendered":"<!-- VideographyWP Plugin Message: Automatic video embedding prevented by plugin options. -->\n\n<p>\n\nDurante la ma\u00f1ana de ayer, y enmarcado en el \u00abD\u00eda Internacional de la Eliminaci\u00f3n de la Violencia contra la Mujer\u00bb que se conmemor\u00f3 el pasado lunes, 25 de noviembre, se llev\u00f3 a cabo frente a la Casa del Acuerdo una intervenci\u00f3n art\u00edstica a cargo de mujeres artistas y activistas autoconvocadas.<\/p>\n\n\n\n<p>El objetivo de la actividad que capt\u00f3 la atenci\u00f3n de los transe\u00fantes que ayer pasaban por el lugar: \u201cVisibilizar las violencias machistas a las que vivimos expuestas y en lucha por pol\u00edticas p\u00fablicas que erradiquen y prevengan las violencias de g\u00e9nero\u201d, seg\u00fan indicaron los responsables de la intervenci\u00f3n.<\/p>\n\n\n\n<p>Originalmente, la actividad hab\u00eda estado prevista para el mismo lunes en la plazoleta \u00abPapa Francisco\u00bb vecina a la Catedral de San Nicol\u00e1s y el Palacio de Tribunales, pero el mal tiempo de aquella jornada frustr\u00f3 esos planes.<\/p>\n\n\n\n<p>Fuente: Diario El Norte<\/p>\n","protected":false},"excerpt":{"rendered":"<p>Durante la ma\u00f1ana de ayer, y enmarcado en el \u00abD\u00eda Internacional de la Eliminaci\u00f3n de la Violencia contra la Mujer\u00bb que se conmemor\u00f3 el pasado lunes, 25 de noviembre, se llev\u00f3 a cabo frente a la Casa del Acuerdo una intervenci\u00f3n art\u00edstica a cargo de mujeres artistas y activistas autoconvocadas. El objetivo de la actividad [&hellip;]<\/p>\n","protected":false},"author":4,"featured_media":64856,"comment_status":"open","ping_status":"closed","sticky":false,"template":"","format":"standard","meta":{"om_disable_all_campaigns":false,"_jetpack_memberships_contains_paid_content":false,"footnotes":""},"categories":[621],"tags":[],"class_list":["post-64855","post","type-post","status-publish","format-standard","has-post-thumbnail","hentry","category-regionales"],"aioseo_notices":[],"gutentor_comment":0,"jetpack_featured_media_url":"https:\/\/eldiariodesanpedro.com.ar\/sitio\/wp-content\/uploads\/2019\/11\/0_5_3.jpg","jetpack_shortlink":"https:\/\/wp.me\/p6RhLt-gS3","jetpack_sharing_enabled":true,"_links":{"self":[{"href":"https:\/\/eldiariodesanpedro.com.ar\/sitio\/wp-json\/wp\/v2\/posts\/64855","targetHints":{"allow":["GET"]}}],"collection":[{"href":"https:\/\/eldiariodesanpedro.com.ar\/sitio\/wp-json\/wp\/v2\/posts"}],"about":[{"href":"https:\/\/eldiariodesanpedro.com.ar\/sitio\/wp-json\/wp\/v2\/types\/post"}],"author":[{"embeddable":true,"href":"https:\/\/eldiariodesanpedro.com.ar\/sitio\/wp-json\/wp\/v2\/users\/4"}],"replies":[{"embeddable":true,"href":"https:\/\/eldiariodesanpedro.com.ar\/sitio\/wp-json\/wp\/v2\/comments?post=64855"}],"version-history":[{"count":1,"href":"https:\/\/eldiariodesanpedro.com.ar\/sitio\/wp-json\/wp\/v2\/posts\/64855\/revisions"}],"predecessor-version":[{"id":64857,"href":"https:\/\/eldiariodesanpedro.com.ar\/sitio\/wp-json\/wp\/v2\/posts\/64855\/revisions\/64857"}],"wp:featuredmedia":[{"embeddable":true,"href":"https:\/\/eldiariodesanpedro.com.ar\/sitio\/wp-json\/wp\/v2\/media\/64856"}],"wp:attachment":[{"href":"https:\/\/eldiariodesanpedro.com.ar\/sitio\/wp-json\/wp\/v2\/media?parent=64855"}],"wp:term":[{"taxonomy":"category","embeddable":true,"href":"https:\/\/eldiariodesanpedro.com.ar\/sitio\/wp-json\/wp\/v2\/categories?post=64855"},{"taxonomy":"post_tag","embeddable":true,"href":"https:\/\/eldiariodesanpedro.com.ar\/sitio\/wp-json\/wp\/v2\/tags?post=64855"}],"curies":[{"name":"wp","href":"https:\/\/api.w.org\/{rel}","templated":true}]}}