{"id":64852,"date":"2019-11-29T13:51:30","date_gmt":"2019-11-29T16:51:30","guid":{"rendered":"https:\/\/eldiariodesanpedro.com.ar\/sitio\/?p=64852"},"modified":"2019-11-29T13:51:35","modified_gmt":"2019-11-29T16:51:35","slug":"san-antonio-de-areco-internet-de-alta-velocidad-para-los-vecinos-de-duggan","status":"publish","type":"post","link":"https:\/\/eldiariodesanpedro.com.ar\/sitio\/san-antonio-de-areco-internet-de-alta-velocidad-para-los-vecinos-de-duggan\/","title":{"rendered":"SAN ANTONIO DE ARECO | Internet de alta velocidad para los vecinos de Duggan"},"content":{"rendered":"<!-- VideographyWP Plugin Message: Automatic video embedding prevented by plugin options. -->\n\n<p>\n\nEn la ma\u00f1ana del martes, el Municipio de San Antonio de Areco y la CEOSP, matuvieron una reuni\u00f3n con el fin de garantizar internet de alta velocidad para los vecinos de Duggan.<\/p>\n\n\n\n<p>De esta manera, anunciaron el tendido de la red para mejorar la conectividad tambi\u00e9n en esa localidad rural de Areco. Estas fueron las palabras del intendente Dura\u00f1ona, de Guillermo Gaynor (presidente del consejo de administraci\u00f3n de la CEOSP) y Fab\u00edan Moscato (t\u00e9cnico CEOSP) para\u00a0Din\u00e1mica Matinal.<\/p>\n\n\n\n<p>Fuente: Bosco Producciones<\/p>\n","protected":false},"excerpt":{"rendered":"<p>En la ma\u00f1ana del martes, el Municipio de San Antonio de Areco y la CEOSP, matuvieron una reuni\u00f3n con el fin de garantizar internet de alta velocidad para los vecinos de Duggan. De esta manera, anunciaron el tendido de la red para mejorar la conectividad tambi\u00e9n en esa localidad rural de Areco. Estas fueron las [&hellip;]<\/p>\n","protected":false},"author":4,"featured_media":64853,"comment_status":"open","ping_status":"closed","sticky":false,"template":"","format":"standard","meta":{"om_disable_all_campaigns":false,"_jetpack_memberships_contains_paid_content":false,"footnotes":""},"categories":[621],"tags":[],"class_list":["post-64852","post","type-post","status-publish","format-standard","has-post-thumbnail","hentry","category-regionales"],"aioseo_notices":[],"gutentor_comment":0,"jetpack_featured_media_url":"https:\/\/eldiariodesanpedro.com.ar\/sitio\/wp-content\/uploads\/2019\/11\/76896490_2859525360747747_4792832238435696640_o.jpg","jetpack_shortlink":"https:\/\/wp.me\/p6RhLt-gS0","jetpack_sharing_enabled":true,"_links":{"self":[{"href":"https:\/\/eldiariodesanpedro.com.ar\/sitio\/wp-json\/wp\/v2\/posts\/64852","targetHints":{"allow":["GET"]}}],"collection":[{"href":"https:\/\/eldiariodesanpedro.com.ar\/sitio\/wp-json\/wp\/v2\/posts"}],"about":[{"href":"https:\/\/eldiariodesanpedro.com.ar\/sitio\/wp-json\/wp\/v2\/types\/post"}],"author":[{"embeddable":true,"href":"https:\/\/eldiariodesanpedro.com.ar\/sitio\/wp-json\/wp\/v2\/users\/4"}],"replies":[{"embeddable":true,"href":"https:\/\/eldiariodesanpedro.com.ar\/sitio\/wp-json\/wp\/v2\/comments?post=64852"}],"version-history":[{"count":1,"href":"https:\/\/eldiariodesanpedro.com.ar\/sitio\/wp-json\/wp\/v2\/posts\/64852\/revisions"}],"predecessor-version":[{"id":64854,"href":"https:\/\/eldiariodesanpedro.com.ar\/sitio\/wp-json\/wp\/v2\/posts\/64852\/revisions\/64854"}],"wp:featuredmedia":[{"embeddable":true,"href":"https:\/\/eldiariodesanpedro.com.ar\/sitio\/wp-json\/wp\/v2\/media\/64853"}],"wp:attachment":[{"href":"https:\/\/eldiariodesanpedro.com.ar\/sitio\/wp-json\/wp\/v2\/media?parent=64852"}],"wp:term":[{"taxonomy":"category","embeddable":true,"href":"https:\/\/eldiariodesanpedro.com.ar\/sitio\/wp-json\/wp\/v2\/categories?post=64852"},{"taxonomy":"post_tag","embeddable":true,"href":"https:\/\/eldiariodesanpedro.com.ar\/sitio\/wp-json\/wp\/v2\/tags?post=64852"}],"curies":[{"name":"wp","href":"https:\/\/api.w.org\/{rel}","templated":true}]}}