{"id":64849,"date":"2019-11-29T13:49:55","date_gmt":"2019-11-29T16:49:55","guid":{"rendered":"https:\/\/eldiariodesanpedro.com.ar\/sitio\/?p=64849"},"modified":"2019-11-29T13:50:00","modified_gmt":"2019-11-29T16:50:00","slug":"pergamino-buscan-a-un-hombre-de-54-anos-desaparecido","status":"publish","type":"post","link":"https:\/\/eldiariodesanpedro.com.ar\/sitio\/pergamino-buscan-a-un-hombre-de-54-anos-desaparecido\/","title":{"rendered":"PERGAMINO | Buscan a un hombre de 54 a\u00f1os desaparecido"},"content":{"rendered":"<!-- VideographyWP Plugin Message: Automatic video embedding prevented by plugin options. -->\n\n<p>\n\nPersonal policial de Pergamino solici\u00f3 la difusi\u00f3n de la b\u00fasqueda de Jorge \u00c1lvarez, de 54 a\u00f1os, quien se ausent\u00f3 de la casa que comparte con su hermana el pasado mi\u00e9rcoles 13 de noviembre.<\/p>\n\n\n\n<p>El hombre vive en Pergamino, fue visto por \u00faltima vez en Arrecifes y tiene familiares en B\u00b0 Provincianos y Virgen del Luj\u00e1n de San Nicol\u00e1s.<br><br>\u00c1lvarez es de una estatura aproximada entre 1,50 a 1,60 mts, de contextura f\u00edsica delgada, de tez morocha, de un peso aproximado a 60 kilos, cabellos corto color negro y ojos marrones. Al momento de ausentarse vest\u00eda camisa a cuadros de color celeste y blanca, jeans azul y zapatillas negras.<br><br>El hombre se encuentra en tratamiento psicol\u00f3gico por problemas vinculados al alcoholismo. Adem\u00e1s presenta un retraso madurativo.<br><br>Se solicita que cualquier novedad surgida se comunique al 911 Emergencias Policiales.<\/p>\n","protected":false},"excerpt":{"rendered":"<p>Personal policial de Pergamino solici\u00f3 la difusi\u00f3n de la b\u00fasqueda de Jorge \u00c1lvarez, de 54 a\u00f1os, quien se ausent\u00f3 de la casa que comparte con su hermana el pasado mi\u00e9rcoles 13 de noviembre. El hombre vive en Pergamino, fue visto por \u00faltima vez en Arrecifes y tiene familiares en B\u00b0 Provincianos y Virgen del Luj\u00e1n [&hellip;]<\/p>\n","protected":false},"author":4,"featured_media":64850,"comment_status":"open","ping_status":"closed","sticky":false,"template":"","format":"standard","meta":{"om_disable_all_campaigns":false,"_jetpack_memberships_contains_paid_content":false,"footnotes":""},"categories":[621],"tags":[],"class_list":["post-64849","post","type-post","status-publish","format-standard","has-post-thumbnail","hentry","category-regionales"],"aioseo_notices":[],"gutentor_comment":0,"jetpack_featured_media_url":"https:\/\/eldiariodesanpedro.com.ar\/sitio\/wp-content\/uploads\/2019\/11\/no_d8kdpsdtylp5l74upraveny_img_20191127_wa0019.jpg","jetpack_shortlink":"https:\/\/wp.me\/p6RhLt-gRX","jetpack_sharing_enabled":true,"_links":{"self":[{"href":"https:\/\/eldiariodesanpedro.com.ar\/sitio\/wp-json\/wp\/v2\/posts\/64849","targetHints":{"allow":["GET"]}}],"collection":[{"href":"https:\/\/eldiariodesanpedro.com.ar\/sitio\/wp-json\/wp\/v2\/posts"}],"about":[{"href":"https:\/\/eldiariodesanpedro.com.ar\/sitio\/wp-json\/wp\/v2\/types\/post"}],"author":[{"embeddable":true,"href":"https:\/\/eldiariodesanpedro.com.ar\/sitio\/wp-json\/wp\/v2\/users\/4"}],"replies":[{"embeddable":true,"href":"https:\/\/eldiariodesanpedro.com.ar\/sitio\/wp-json\/wp\/v2\/comments?post=64849"}],"version-history":[{"count":1,"href":"https:\/\/eldiariodesanpedro.com.ar\/sitio\/wp-json\/wp\/v2\/posts\/64849\/revisions"}],"predecessor-version":[{"id":64851,"href":"https:\/\/eldiariodesanpedro.com.ar\/sitio\/wp-json\/wp\/v2\/posts\/64849\/revisions\/64851"}],"wp:featuredmedia":[{"embeddable":true,"href":"https:\/\/eldiariodesanpedro.com.ar\/sitio\/wp-json\/wp\/v2\/media\/64850"}],"wp:attachment":[{"href":"https:\/\/eldiariodesanpedro.com.ar\/sitio\/wp-json\/wp\/v2\/media?parent=64849"}],"wp:term":[{"taxonomy":"category","embeddable":true,"href":"https:\/\/eldiariodesanpedro.com.ar\/sitio\/wp-json\/wp\/v2\/categories?post=64849"},{"taxonomy":"post_tag","embeddable":true,"href":"https:\/\/eldiariodesanpedro.com.ar\/sitio\/wp-json\/wp\/v2\/tags?post=64849"}],"curies":[{"name":"wp","href":"https:\/\/api.w.org\/{rel}","templated":true}]}}