{"id":64846,"date":"2019-11-29T13:48:37","date_gmt":"2019-11-29T16:48:37","guid":{"rendered":"https:\/\/eldiariodesanpedro.com.ar\/sitio\/?p=64846"},"modified":"2019-11-29T13:48:42","modified_gmt":"2019-11-29T16:48:42","slug":"san-nicolas-delincuente-robo-a-un-anciano-a-punta-de-cuchillo","status":"publish","type":"post","link":"https:\/\/eldiariodesanpedro.com.ar\/sitio\/san-nicolas-delincuente-robo-a-un-anciano-a-punta-de-cuchillo\/","title":{"rendered":"SAN NICOLAS | Delincuente rob\u00f3 a un anciano a punta de cuchillo"},"content":{"rendered":"<!-- VideographyWP Plugin Message: Automatic video embedding prevented by plugin options. -->\n\n<p>\n\nUn anciano de 91 a\u00f1os de apellido Telmo domiciliado en calle Pombo al 300 sufri\u00f3 momentos de mucha tensi\u00f3n cuando un sujeto a punta de cuchillo le rob\u00f3 su auto. Seg\u00fan lo relatado a la polic\u00eda el hombre estaba en su casa cuando un sujeto vestido con ropa oscura y exhibiendo un cuchillo lo oblig\u00f3 a entregarle su autom\u00f3vil Renault Sandero Gris.<\/p>\n\n\n\n<p>La investigaci\u00f3n se deriv\u00f3 a la DDI que en forma conjunta con otras fuerzas implement\u00f3 un operativo cerrojo logrando aprehender en Rucci y Presidente Per\u00f3n al presunto asaltante y su c\u00f3mplice. Resultaron aprehendidos un joven de 26 a\u00f1os de apellido Savatini y un hombre de 33 a\u00f1os de apellido Maier que en ese momento circulaban en el autom\u00f3vil robado. En el interior del auto hab\u00eda un cuchillo con el que supuestamente realizaron el robo. Los sujetos fueron acusados de privaci\u00f3n ilegal de la libertad y robo calificado.<\/p>\n\n\n\n<p>Fuente: Diario El Norte<\/p>\n","protected":false},"excerpt":{"rendered":"<p>Un anciano de 91 a\u00f1os de apellido Telmo domiciliado en calle Pombo al 300 sufri\u00f3 momentos de mucha tensi\u00f3n cuando un sujeto a punta de cuchillo le rob\u00f3 su auto. Seg\u00fan lo relatado a la polic\u00eda el hombre estaba en su casa cuando un sujeto vestido con ropa oscura y exhibiendo un cuchillo lo oblig\u00f3 [&hellip;]<\/p>\n","protected":false},"author":4,"featured_media":64847,"comment_status":"open","ping_status":"closed","sticky":false,"template":"","format":"standard","meta":{"om_disable_all_campaigns":false,"_jetpack_memberships_contains_paid_content":false,"footnotes":""},"categories":[621],"tags":[],"class_list":["post-64846","post","type-post","status-publish","format-standard","has-post-thumbnail","hentry","category-regionales"],"aioseo_notices":[],"gutentor_comment":0,"jetpack_featured_media_url":"https:\/\/eldiariodesanpedro.com.ar\/sitio\/wp-content\/uploads\/2019\/11\/0_3_8.jpg","jetpack_shortlink":"https:\/\/wp.me\/p6RhLt-gRU","jetpack_sharing_enabled":true,"_links":{"self":[{"href":"https:\/\/eldiariodesanpedro.com.ar\/sitio\/wp-json\/wp\/v2\/posts\/64846","targetHints":{"allow":["GET"]}}],"collection":[{"href":"https:\/\/eldiariodesanpedro.com.ar\/sitio\/wp-json\/wp\/v2\/posts"}],"about":[{"href":"https:\/\/eldiariodesanpedro.com.ar\/sitio\/wp-json\/wp\/v2\/types\/post"}],"author":[{"embeddable":true,"href":"https:\/\/eldiariodesanpedro.com.ar\/sitio\/wp-json\/wp\/v2\/users\/4"}],"replies":[{"embeddable":true,"href":"https:\/\/eldiariodesanpedro.com.ar\/sitio\/wp-json\/wp\/v2\/comments?post=64846"}],"version-history":[{"count":1,"href":"https:\/\/eldiariodesanpedro.com.ar\/sitio\/wp-json\/wp\/v2\/posts\/64846\/revisions"}],"predecessor-version":[{"id":64848,"href":"https:\/\/eldiariodesanpedro.com.ar\/sitio\/wp-json\/wp\/v2\/posts\/64846\/revisions\/64848"}],"wp:featuredmedia":[{"embeddable":true,"href":"https:\/\/eldiariodesanpedro.com.ar\/sitio\/wp-json\/wp\/v2\/media\/64847"}],"wp:attachment":[{"href":"https:\/\/eldiariodesanpedro.com.ar\/sitio\/wp-json\/wp\/v2\/media?parent=64846"}],"wp:term":[{"taxonomy":"category","embeddable":true,"href":"https:\/\/eldiariodesanpedro.com.ar\/sitio\/wp-json\/wp\/v2\/categories?post=64846"},{"taxonomy":"post_tag","embeddable":true,"href":"https:\/\/eldiariodesanpedro.com.ar\/sitio\/wp-json\/wp\/v2\/tags?post=64846"}],"curies":[{"name":"wp","href":"https:\/\/api.w.org\/{rel}","templated":true}]}}