{"id":64841,"date":"2019-11-29T13:47:21","date_gmt":"2019-11-29T16:47:21","guid":{"rendered":"https:\/\/eldiariodesanpedro.com.ar\/sitio\/?p=64841"},"modified":"2019-11-29T13:47:27","modified_gmt":"2019-11-29T16:47:27","slug":"campana-el-sindicato-municipal-de-campana-declaro-el-estado-de-alerta-y-movilizacion","status":"publish","type":"post","link":"https:\/\/eldiariodesanpedro.com.ar\/sitio\/campana-el-sindicato-municipal-de-campana-declaro-el-estado-de-alerta-y-movilizacion\/","title":{"rendered":"CAMPANA | El Sindicato Municipal de Campana declar\u00f3 el estado de Alerta y Movilizaci\u00f3n"},"content":{"rendered":"<!-- VideographyWP Plugin Message: Automatic video embedding prevented by plugin options. -->\n\n<p>\n\nLuego de que el Poder Ejecutivo otorgara el 4% de aumento para los trabajadores municipales, desde el gremio salieron a criticar al decisi\u00f3n. Sostiene que la paritaria a\u00fan no se cerr\u00f3 y que estos tipos de aumentos no incluye a los jubilados. Ma\u00f1ana viernes est\u00e1n citadas las partes para una nueva reuni\u00f3n.<\/p>\n\n\n\n<p>En conferencia de prensa, el Secretario General del Sindicato de Trabajadores Municipales de Campana (STMC), Carlos Barrichi dio a conocer su malestar por la decisi\u00f3n del intendente y anunci\u00f3 que el gremio declar\u00f3 el estado de alerta y movilizaci\u00f3n debido a que por decreto el Ejecutivo aument\u00f3 4% para el mes de diciembre el salario de los trabajadores.<br><br>Adem\u00e1s Barrichi sostuvo que a asambleas en los distintos sectores de trabajo y aclar\u00f3: \u201cNos enteramos por las noticias que el intendente hab\u00eda decretado darnos 4 por ciento a los trabajadores, cosa que nos parece una falta de respeto porque estamos en paritaria\u201d.<br><br>La reuni\u00f3n paritaria que estaba prevista para ayer por la ma\u00f1ana, debido al \u201cdecretazo\u201d los representantes del municipio no fueron, por lo tanto representantes del gremio realizaron una presentaci\u00f3n en el Ministerio de Trabajo de nuestra ciudad.<br><br>Otro de los inconvenientes que denunciaron desde el gremio es que el aumento por decreto no afecta a los jubilados, por ende Barrichi dijo: \u201cSolo cuando se cierra la paritaria, se manda una copia del acuerdo al Instituto de Previsi\u00f3n Social para que a futuro se vea reflejado en los sueldos del trabajador pasivo. Entonces no cerramos la paritaria y los jubilados no reciben el aumento\u201d, concluy\u00f3.<br><br>En tanto que para el d\u00eda de ma\u00f1ana, viernes 29 de noviembre, est\u00e1 prevista una nueva reuni\u00f3n paritaria para empezar a discutir el salario que deber\u00eda ser mayor al 4% que otorg\u00f3 el intendente.<\/p>\n","protected":false},"excerpt":{"rendered":"<p>Luego de que el Poder Ejecutivo otorgara el 4% de aumento para los trabajadores municipales, desde el gremio salieron a criticar al decisi\u00f3n. Sostiene que la paritaria a\u00fan no se cerr\u00f3 y que estos tipos de aumentos no incluye a los jubilados. Ma\u00f1ana viernes est\u00e1n citadas las partes para una nueva reuni\u00f3n. En conferencia de [&hellip;]<\/p>\n","protected":false},"author":4,"featured_media":64844,"comment_status":"open","ping_status":"closed","sticky":false,"template":"","format":"standard","meta":{"om_disable_all_campaigns":false,"_jetpack_memberships_contains_paid_content":false,"footnotes":""},"categories":[621],"tags":[],"class_list":["post-64841","post","type-post","status-publish","format-standard","has-post-thumbnail","hentry","category-regionales"],"aioseo_notices":[],"gutentor_comment":0,"jetpack_featured_media_url":"https:\/\/eldiariodesanpedro.com.ar\/sitio\/wp-content\/uploads\/2019\/11\/20191128083907.jpg","jetpack_shortlink":"https:\/\/wp.me\/p6RhLt-gRP","jetpack_sharing_enabled":true,"_links":{"self":[{"href":"https:\/\/eldiariodesanpedro.com.ar\/sitio\/wp-json\/wp\/v2\/posts\/64841","targetHints":{"allow":["GET"]}}],"collection":[{"href":"https:\/\/eldiariodesanpedro.com.ar\/sitio\/wp-json\/wp\/v2\/posts"}],"about":[{"href":"https:\/\/eldiariodesanpedro.com.ar\/sitio\/wp-json\/wp\/v2\/types\/post"}],"author":[{"embeddable":true,"href":"https:\/\/eldiariodesanpedro.com.ar\/sitio\/wp-json\/wp\/v2\/users\/4"}],"replies":[{"embeddable":true,"href":"https:\/\/eldiariodesanpedro.com.ar\/sitio\/wp-json\/wp\/v2\/comments?post=64841"}],"version-history":[{"count":1,"href":"https:\/\/eldiariodesanpedro.com.ar\/sitio\/wp-json\/wp\/v2\/posts\/64841\/revisions"}],"predecessor-version":[{"id":64845,"href":"https:\/\/eldiariodesanpedro.com.ar\/sitio\/wp-json\/wp\/v2\/posts\/64841\/revisions\/64845"}],"wp:featuredmedia":[{"embeddable":true,"href":"https:\/\/eldiariodesanpedro.com.ar\/sitio\/wp-json\/wp\/v2\/media\/64844"}],"wp:attachment":[{"href":"https:\/\/eldiariodesanpedro.com.ar\/sitio\/wp-json\/wp\/v2\/media?parent=64841"}],"wp:term":[{"taxonomy":"category","embeddable":true,"href":"https:\/\/eldiariodesanpedro.com.ar\/sitio\/wp-json\/wp\/v2\/categories?post=64841"},{"taxonomy":"post_tag","embeddable":true,"href":"https:\/\/eldiariodesanpedro.com.ar\/sitio\/wp-json\/wp\/v2\/tags?post=64841"}],"curies":[{"name":"wp","href":"https:\/\/api.w.org\/{rel}","templated":true}]}}