{"id":64827,"date":"2019-11-29T11:04:51","date_gmt":"2019-11-29T14:04:51","guid":{"rendered":"https:\/\/eldiariodesanpedro.com.ar\/sitio\/?p=64827"},"modified":"2019-11-29T11:04:57","modified_gmt":"2019-11-29T14:04:57","slug":"el-consorcio-elevo-a-la-provincia-el-anteproyecto-para-la-licitacion-de-obras-en-el-puerto","status":"publish","type":"post","link":"https:\/\/eldiariodesanpedro.com.ar\/sitio\/el-consorcio-elevo-a-la-provincia-el-anteproyecto-para-la-licitacion-de-obras-en-el-puerto\/","title":{"rendered":"El Consorcio elev\u00f3 a la Provincia el anteproyecto para la licitaci\u00f3n de obras en el Puerto"},"content":{"rendered":"<!-- VideographyWP Plugin Message: Automatic video embedding prevented by plugin options. -->\n\n<p>\n\nEl Consorcio de Gesti\u00f3n del Puerto de San Pedro informa que en su reuni\u00f3n del &nbsp;pasado 9 de Octubre se resolvi\u00f3 declarar \u00abDe Inter\u00e9s P\u00fablico Portuario\u00bb, una iniciativa presentada por la empresa&nbsp;<strong>Grobocopatel Hnos.<\/strong>&nbsp; La resoluci\u00f3n 240\/19, dio lugar al inicio de un trabajo para la confecci\u00f3n de un llamado a licitaci\u00f3n que tras la reuni\u00f3n del martes 26 de noviembre, fue elevada con el apoyo un\u00e1nime de los integrantes del directorio, para su an\u00e1lisis por parte de los organismos de la Constituci\u00f3n. &nbsp;<\/p>\n\n\n\n<p>Tal convocatoria se har\u00e1 para recibir la propuesta que dio origen a este proceso, y otras que respondan al proyecto para la selecci\u00f3n y contrataci\u00f3n&nbsp;<strong>para la construcci\u00f3n y ejecuci\u00f3n de obras, &nbsp;mantenimiento, y explotaci\u00f3n comercial de una de sus terminales.<br><\/strong><br>La concesi\u00f3n a otorgar tiene como objetivo la ejecuci\u00f3n de obras para la modernizaci\u00f3n, mejora y ampliaci\u00f3n de las operaciones y la puesta en valor de \u00e1reas dentro de la jurisdicci\u00f3n portuaria que se destinar\u00e1n para tal fin.<\/p>\n\n\n\n<p><strong>Las propuestas a recibir deber\u00e1n responder entre otros puntos importantes a estos requerimientos:<br><\/strong><br>* Mejora y ampliaci\u00f3n de la terminal multimodal<\/p>\n\n\n\n<p>* Construcci\u00f3n de las estructuras de almacenaje necesarias para el acopio est\u00e1tico de mercader\u00edas con una capacidad m\u00ednima de 45.000 toneladas.<\/p>\n\n\n\n<p>* Modernizaci\u00f3n de las instalaciones existentes (defensas, bitas, sistema de balizamiento, pavimento, mejora s para la prestaci\u00f3n de servicios como agua potable, electricidad, etc. a buques)<\/p>\n\n\n\n<p>* Construcci\u00f3n de nuevo edificio y reubicaci\u00f3n de areneras<\/p>\n\n\n\n<p>* Dragado de mantenimiento de todo el vaso portuario durante la concesi\u00f3n y un dragado de rectificaci\u00f3n del canal.<\/p>\n\n\n\n<p><strong>A partir de la elevaci\u00f3n de esta documentaci\u00f3n se ir\u00e1n cumpliendo los pasos correspondientes al llamado a licitaci\u00f3n para su posterior an\u00e1lisis y adjudicaci\u00f3n.<\/strong><\/p>\n\n\n\n<figure class=\"wp-block-image\"><img decoding=\"async\" width=\"1024\" height=\"768\" data-attachment-id=\"64828\" data-permalink=\"https:\/\/eldiariodesanpedro.com.ar\/sitio\/el-consorcio-elevo-a-la-provincia-el-anteproyecto-para-la-licitacion-de-obras-en-el-puerto\/puerto-san-pedro-01-1\/\" data-orig-file=\"https:\/\/eldiariodesanpedro.com.ar\/sitio\/wp-content\/uploads\/2019\/11\/Puerto-San-Pedro-01-1.jpeg\" data-orig-size=\"1280,960\" data-comments-opened=\"1\" data-image-meta=\"{&quot;aperture&quot;:&quot;0&quot;,&quot;credit&quot;:&quot;&quot;,&quot;camera&quot;:&quot;&quot;,&quot;caption&quot;:&quot;&quot;,&quot;created_timestamp&quot;:&quot;0&quot;,&quot;copyright&quot;:&quot;&quot;,&quot;focal_length&quot;:&quot;0&quot;,&quot;iso&quot;:&quot;0&quot;,&quot;shutter_speed&quot;:&quot;0&quot;,&quot;title&quot;:&quot;&quot;,&quot;orientation&quot;:&quot;0&quot;}\" data-image-title=\"Puerto San Pedro 01 (1)\" data-image-description=\"\" data-image-caption=\"\" data-large-file=\"https:\/\/eldiariodesanpedro.com.ar\/sitio\/wp-content\/uploads\/2019\/11\/Puerto-San-Pedro-01-1-1024x768.jpeg\" data-src=\"https:\/\/eldiariodesanpedro.com.ar\/sitio\/wp-content\/uploads\/2019\/11\/Puerto-San-Pedro-01-1-1024x768.jpeg\" alt=\"\" class=\"wp-image-64828 lazyload\" data-srcset=\"https:\/\/eldiariodesanpedro.com.ar\/sitio\/wp-content\/uploads\/2019\/11\/Puerto-San-Pedro-01-1-1024x768.jpeg 1024w, https:\/\/eldiariodesanpedro.com.ar\/sitio\/wp-content\/uploads\/2019\/11\/Puerto-San-Pedro-01-1-300x225.jpeg 300w, https:\/\/eldiariodesanpedro.com.ar\/sitio\/wp-content\/uploads\/2019\/11\/Puerto-San-Pedro-01-1-768x576.jpeg 768w, https:\/\/eldiariodesanpedro.com.ar\/sitio\/wp-content\/uploads\/2019\/11\/Puerto-San-Pedro-01-1-500x375.jpeg 500w, https:\/\/eldiariodesanpedro.com.ar\/sitio\/wp-content\/uploads\/2019\/11\/Puerto-San-Pedro-01-1.jpeg 1280w\" data-sizes=\"(max-width: 1024px) 100vw, 1024px\" src=\"data:image\/svg+xml;base64,PHN2ZyB3aWR0aD0iMSIgaGVpZ2h0PSIxIiB4bWxucz0iaHR0cDovL3d3dy53My5vcmcvMjAwMC9zdmciPjwvc3ZnPg==\" style=\"--smush-placeholder-width: 1024px; --smush-placeholder-aspect-ratio: 1024\/768;\" \/><\/figure>\n","protected":false},"excerpt":{"rendered":"<p>El Consorcio de Gesti\u00f3n del Puerto de San Pedro informa que en su reuni\u00f3n del &nbsp;pasado 9 de Octubre se resolvi\u00f3 declarar \u00abDe Inter\u00e9s P\u00fablico Portuario\u00bb, una iniciativa presentada por la empresa&nbsp;Grobocopatel Hnos.&nbsp; La resoluci\u00f3n 240\/19, dio lugar al inicio de un trabajo para la confecci\u00f3n de un llamado a licitaci\u00f3n que tras la reuni\u00f3n [&hellip;]<\/p>\n","protected":false},"author":4,"featured_media":64829,"comment_status":"open","ping_status":"closed","sticky":false,"template":"","format":"standard","meta":{"om_disable_all_campaigns":false,"_jetpack_memberships_contains_paid_content":false,"footnotes":""},"categories":[101,2],"tags":[],"class_list":["post-64827","post","type-post","status-publish","format-standard","has-post-thumbnail","hentry","category-interes-general-locales","category-locales"],"aioseo_notices":[],"gutentor_comment":1,"jetpack_featured_media_url":"https:\/\/eldiariodesanpedro.com.ar\/sitio\/wp-content\/uploads\/2019\/11\/Puerto-San-Pedro-01-2.jpeg","jetpack_shortlink":"https:\/\/wp.me\/p6RhLt-gRB","jetpack_sharing_enabled":true,"_links":{"self":[{"href":"https:\/\/eldiariodesanpedro.com.ar\/sitio\/wp-json\/wp\/v2\/posts\/64827","targetHints":{"allow":["GET"]}}],"collection":[{"href":"https:\/\/eldiariodesanpedro.com.ar\/sitio\/wp-json\/wp\/v2\/posts"}],"about":[{"href":"https:\/\/eldiariodesanpedro.com.ar\/sitio\/wp-json\/wp\/v2\/types\/post"}],"author":[{"embeddable":true,"href":"https:\/\/eldiariodesanpedro.com.ar\/sitio\/wp-json\/wp\/v2\/users\/4"}],"replies":[{"embeddable":true,"href":"https:\/\/eldiariodesanpedro.com.ar\/sitio\/wp-json\/wp\/v2\/comments?post=64827"}],"version-history":[{"count":1,"href":"https:\/\/eldiariodesanpedro.com.ar\/sitio\/wp-json\/wp\/v2\/posts\/64827\/revisions"}],"predecessor-version":[{"id":64830,"href":"https:\/\/eldiariodesanpedro.com.ar\/sitio\/wp-json\/wp\/v2\/posts\/64827\/revisions\/64830"}],"wp:featuredmedia":[{"embeddable":true,"href":"https:\/\/eldiariodesanpedro.com.ar\/sitio\/wp-json\/wp\/v2\/media\/64829"}],"wp:attachment":[{"href":"https:\/\/eldiariodesanpedro.com.ar\/sitio\/wp-json\/wp\/v2\/media?parent=64827"}],"wp:term":[{"taxonomy":"category","embeddable":true,"href":"https:\/\/eldiariodesanpedro.com.ar\/sitio\/wp-json\/wp\/v2\/categories?post=64827"},{"taxonomy":"post_tag","embeddable":true,"href":"https:\/\/eldiariodesanpedro.com.ar\/sitio\/wp-json\/wp\/v2\/tags?post=64827"}],"curies":[{"name":"wp","href":"https:\/\/api.w.org\/{rel}","templated":true}]}}