{"id":64823,"date":"2019-11-29T10:55:28","date_gmt":"2019-11-29T13:55:28","guid":{"rendered":"https:\/\/eldiariodesanpedro.com.ar\/sitio\/?p=64823"},"modified":"2019-11-29T10:55:33","modified_gmt":"2019-11-29T13:55:33","slug":"el-centro-de-estudios-historicos-de-san-pedro-confirmo-la-eleccion-del-adjudicatario-de-la-orden-del-convento-2019","status":"publish","type":"post","link":"https:\/\/eldiariodesanpedro.com.ar\/sitio\/el-centro-de-estudios-historicos-de-san-pedro-confirmo-la-eleccion-del-adjudicatario-de-la-orden-del-convento-2019\/","title":{"rendered":"El Centro de Estudios Hist\u00f3ricos de San Pedro confirm\u00f3 la elecci\u00f3n del adjudicatario de la Orden del Convento 2019"},"content":{"rendered":"<!-- VideographyWP Plugin Message: Automatic video embedding prevented by plugin options. -->\n\n<p> El grupo encabezado por el Director Acad\u00e9mico del Centro, Licenciado Am\u00e9rico Piccagli, decidi\u00f3 reconocer al espacio art\u00edstico y recreativo \u00abViejo Astillero\u00bb.El evento se realizara este  s\u00e1bado 14 de diciembre, a las 20 horas, en 9 de Julio 134.<\/p>\n\n\n\n<p>El emprendimiento creado, ideado y gestionado por Juan Jos\u00e9 D&#8217;Est\u00e9fano fue destacado porque \u00abla vecindad y el arte son disfrutados a cielo abierto, en convivencia plena con la ribera, patrimonio natural de nuestra historia\u00bb. <\/p>\n\n\n\n<p>\n\nAdem\u00e1s, resaltan \u00absu constante aporte a la cultura, por su genuino sentido comunitario y por su defensa del patrimonio natural\u00bb.<\/p>\n\n\n\n<p><strong>Orden del Convento<\/strong><\/p>\n\n\n\n<p><br>Bajo la ORDEN DEL CONVENTO, desde el a\u00f1o 2002, el Centro de Estudios Hist\u00f3ricos reconoce a las personas e instituciones que con su labor colaboran con el desarrollo de la comunidad sampedrina.<\/p>\n\n\n\n<p><br>La distinci\u00f3n tiene como prop\u00f3sito honrar en vida a quienes contribuyen a forjar una sociedad m\u00e1s justa, equitativa y solidaria; y se propone con su nombre mantener vigente el conocimiento de aquel Convento Franciscano que constituy\u00f3 el cimiento de nuestra ciudad.<\/p>\n\n\n\n<p><br>Su actual benefactor es el Licenciado Am\u00e9rico Piccagli, Director Acad\u00e9mico del Centro de Estudios Hist\u00f3ricos. <\/p>\n\n\n\n<ul class=\"wp-block-gallery columns-1 is-cropped wp-block-gallery-1 is-layout-flex wp-block-gallery-is-layout-flex\"><li class=\"blocks-gallery-item\"><figure><img decoding=\"async\" width=\"1040\" height=\"780\" data-attachment-id=\"64824\" data-permalink=\"https:\/\/eldiariodesanpedro.com.ar\/sitio\/el-centro-de-estudios-historicos-de-san-pedro-confirmo-la-eleccion-del-adjudicatario-de-la-orden-del-convento-2019\/whatsapp-image-2019-11-28-at-12-31-36-pm\/\" data-orig-file=\"https:\/\/eldiariodesanpedro.com.ar\/sitio\/wp-content\/uploads\/2019\/11\/WhatsApp-Image-2019-11-28-at-12.31.36-PM.jpeg\" data-orig-size=\"1040,780\" data-comments-opened=\"1\" data-image-meta=\"{&quot;aperture&quot;:&quot;0&quot;,&quot;credit&quot;:&quot;&quot;,&quot;camera&quot;:&quot;&quot;,&quot;caption&quot;:&quot;&quot;,&quot;created_timestamp&quot;:&quot;0&quot;,&quot;copyright&quot;:&quot;&quot;,&quot;focal_length&quot;:&quot;0&quot;,&quot;iso&quot;:&quot;0&quot;,&quot;shutter_speed&quot;:&quot;0&quot;,&quot;title&quot;:&quot;&quot;,&quot;orientation&quot;:&quot;0&quot;}\" data-image-title=\"WhatsApp-Image-2019-11-28-at-12.31.36-PM\" data-image-description=\"\" data-image-caption=\"\" data-large-file=\"https:\/\/eldiariodesanpedro.com.ar\/sitio\/wp-content\/uploads\/2019\/11\/WhatsApp-Image-2019-11-28-at-12.31.36-PM-1024x768.jpeg\" data-src=\"https:\/\/i0.wp.com\/eldiariodesanpedro.com.ar\/sitio\/wp-content\/uploads\/2019\/11\/WhatsApp-Image-2019-11-28-at-12.31.36-PM.jpeg?fit=640%2C480\" alt=\"\" data-id=\"64824\" data-link=\"https:\/\/eldiariodesanpedro.com.ar\/sitio\/?attachment_id=64824\" class=\"wp-image-64824 lazyload\" data-srcset=\"https:\/\/eldiariodesanpedro.com.ar\/sitio\/wp-content\/uploads\/2019\/11\/WhatsApp-Image-2019-11-28-at-12.31.36-PM.jpeg 1040w, https:\/\/eldiariodesanpedro.com.ar\/sitio\/wp-content\/uploads\/2019\/11\/WhatsApp-Image-2019-11-28-at-12.31.36-PM-300x225.jpeg 300w, https:\/\/eldiariodesanpedro.com.ar\/sitio\/wp-content\/uploads\/2019\/11\/WhatsApp-Image-2019-11-28-at-12.31.36-PM-768x576.jpeg 768w, https:\/\/eldiariodesanpedro.com.ar\/sitio\/wp-content\/uploads\/2019\/11\/WhatsApp-Image-2019-11-28-at-12.31.36-PM-1024x768.jpeg 1024w, https:\/\/eldiariodesanpedro.com.ar\/sitio\/wp-content\/uploads\/2019\/11\/WhatsApp-Image-2019-11-28-at-12.31.36-PM-500x375.jpeg 500w\" data-sizes=\"(max-width: 1040px) 100vw, 1040px\" src=\"data:image\/svg+xml;base64,PHN2ZyB3aWR0aD0iMSIgaGVpZ2h0PSIxIiB4bWxucz0iaHR0cDovL3d3dy53My5vcmcvMjAwMC9zdmciPjwvc3ZnPg==\" style=\"--smush-placeholder-width: 1040px; --smush-placeholder-aspect-ratio: 1040\/780;\" \/><\/figure><\/li><\/ul>\n","protected":false},"excerpt":{"rendered":"<p>El grupo encabezado por el Director Acad\u00e9mico del Centro, Licenciado Am\u00e9rico Piccagli, decidi\u00f3 reconocer al espacio art\u00edstico y recreativo \u00abViejo Astillero\u00bb.El evento se realizara este s\u00e1bado 14 de diciembre, a las 20 horas, en 9 de Julio 134. El emprendimiento creado, ideado y gestionado por Juan Jos\u00e9 D&#8217;Est\u00e9fano fue destacado porque \u00abla vecindad y el [&hellip;]<\/p>\n","protected":false},"author":4,"featured_media":64825,"comment_status":"open","ping_status":"closed","sticky":false,"template":"","format":"standard","meta":{"om_disable_all_campaigns":false,"_jetpack_memberships_contains_paid_content":false,"footnotes":""},"categories":[101,2],"tags":[],"class_list":["post-64823","post","type-post","status-publish","format-standard","has-post-thumbnail","hentry","category-interes-general-locales","category-locales"],"aioseo_notices":[],"gutentor_comment":0,"jetpack_featured_media_url":"https:\/\/eldiariodesanpedro.com.ar\/sitio\/wp-content\/uploads\/2019\/11\/WhatsApp-Image-2019-11-28-at-12.31.24-PM.jpeg","jetpack_shortlink":"https:\/\/wp.me\/p6RhLt-gRx","jetpack_sharing_enabled":true,"_links":{"self":[{"href":"https:\/\/eldiariodesanpedro.com.ar\/sitio\/wp-json\/wp\/v2\/posts\/64823","targetHints":{"allow":["GET"]}}],"collection":[{"href":"https:\/\/eldiariodesanpedro.com.ar\/sitio\/wp-json\/wp\/v2\/posts"}],"about":[{"href":"https:\/\/eldiariodesanpedro.com.ar\/sitio\/wp-json\/wp\/v2\/types\/post"}],"author":[{"embeddable":true,"href":"https:\/\/eldiariodesanpedro.com.ar\/sitio\/wp-json\/wp\/v2\/users\/4"}],"replies":[{"embeddable":true,"href":"https:\/\/eldiariodesanpedro.com.ar\/sitio\/wp-json\/wp\/v2\/comments?post=64823"}],"version-history":[{"count":1,"href":"https:\/\/eldiariodesanpedro.com.ar\/sitio\/wp-json\/wp\/v2\/posts\/64823\/revisions"}],"predecessor-version":[{"id":64826,"href":"https:\/\/eldiariodesanpedro.com.ar\/sitio\/wp-json\/wp\/v2\/posts\/64823\/revisions\/64826"}],"wp:featuredmedia":[{"embeddable":true,"href":"https:\/\/eldiariodesanpedro.com.ar\/sitio\/wp-json\/wp\/v2\/media\/64825"}],"wp:attachment":[{"href":"https:\/\/eldiariodesanpedro.com.ar\/sitio\/wp-json\/wp\/v2\/media?parent=64823"}],"wp:term":[{"taxonomy":"category","embeddable":true,"href":"https:\/\/eldiariodesanpedro.com.ar\/sitio\/wp-json\/wp\/v2\/categories?post=64823"},{"taxonomy":"post_tag","embeddable":true,"href":"https:\/\/eldiariodesanpedro.com.ar\/sitio\/wp-json\/wp\/v2\/tags?post=64823"}],"curies":[{"name":"wp","href":"https:\/\/api.w.org\/{rel}","templated":true}]}}