{"id":64817,"date":"2019-11-29T10:39:35","date_gmt":"2019-11-29T13:39:35","guid":{"rendered":"https:\/\/eldiariodesanpedro.com.ar\/sitio\/?p=64817"},"modified":"2019-11-29T10:39:41","modified_gmt":"2019-11-29T13:39:41","slug":"delincuente-amenazo-a-su-familia-fue-aprehendido","status":"publish","type":"post","link":"https:\/\/eldiariodesanpedro.com.ar\/sitio\/delincuente-amenazo-a-su-familia-fue-aprehendido\/","title":{"rendered":"Delincuente amenaz\u00f3 a su familia, fue aprehendido"},"content":{"rendered":"<!-- VideographyWP Plugin Message: Automatic video embedding prevented by plugin options. -->\n\n<p>El joven se dirigi\u00f3 hasta la vivienda de calle Magliotti al 600 quien en estado de excitaci\u00f3n y bajo el efecto de alcohol,  causo da\u00f1os intencionales sobre pertenencias de su propio padre. <\/p>\n\n\n\n<p>Sucedi\u00f3 a las 16 horas de este jueves, personal policial de la comisaria alertado por conflicto familiar, se constituye en Magliotti al 600, donde aprehende a reconocido delincuente, masculino de 22 a\u00f1os, quien momentos antes en estado de excitaci\u00f3n y bajo el efecto de alcohol caus\u00f3 da\u00f1os intencionales sobre pertenencias de su propio padre, como as\u00ed hab\u00eda proferido amenazas de muerte al entorno familiar. <\/p>\n\n\n\n<p>La v\u00edctima denunci\u00f3 en la comisaria de la familia local, y el malviviente permaneci\u00f3 alojado en sede policial a disposici\u00f3n judicial.<br><\/p>\n","protected":false},"excerpt":{"rendered":"<p>El joven se dirigi\u00f3 hasta la vivienda de calle Magliotti al 600 quien en estado de excitaci\u00f3n y bajo el efecto de alcohol, causo da\u00f1os intencionales sobre pertenencias de su propio padre. Sucedi\u00f3 a las 16 horas de este jueves, personal policial de la comisaria alertado por conflicto familiar, se constituye en Magliotti al 600, [&hellip;]<\/p>\n","protected":false},"author":4,"featured_media":53199,"comment_status":"open","ping_status":"closed","sticky":false,"template":"","format":"standard","meta":{"om_disable_all_campaigns":false,"_jetpack_memberships_contains_paid_content":false,"footnotes":""},"categories":[2,103],"tags":[],"class_list":["post-64817","post","type-post","status-publish","format-standard","has-post-thumbnail","hentry","category-locales","category-policiales-locales"],"aioseo_notices":[],"gutentor_comment":0,"jetpack_featured_media_url":"https:\/\/eldiariodesanpedro.com.ar\/sitio\/wp-content\/uploads\/2019\/05\/aprehendido-1.jpg","jetpack_shortlink":"https:\/\/wp.me\/p6RhLt-gRr","jetpack_sharing_enabled":true,"_links":{"self":[{"href":"https:\/\/eldiariodesanpedro.com.ar\/sitio\/wp-json\/wp\/v2\/posts\/64817","targetHints":{"allow":["GET"]}}],"collection":[{"href":"https:\/\/eldiariodesanpedro.com.ar\/sitio\/wp-json\/wp\/v2\/posts"}],"about":[{"href":"https:\/\/eldiariodesanpedro.com.ar\/sitio\/wp-json\/wp\/v2\/types\/post"}],"author":[{"embeddable":true,"href":"https:\/\/eldiariodesanpedro.com.ar\/sitio\/wp-json\/wp\/v2\/users\/4"}],"replies":[{"embeddable":true,"href":"https:\/\/eldiariodesanpedro.com.ar\/sitio\/wp-json\/wp\/v2\/comments?post=64817"}],"version-history":[{"count":1,"href":"https:\/\/eldiariodesanpedro.com.ar\/sitio\/wp-json\/wp\/v2\/posts\/64817\/revisions"}],"predecessor-version":[{"id":64818,"href":"https:\/\/eldiariodesanpedro.com.ar\/sitio\/wp-json\/wp\/v2\/posts\/64817\/revisions\/64818"}],"wp:featuredmedia":[{"embeddable":true,"href":"https:\/\/eldiariodesanpedro.com.ar\/sitio\/wp-json\/wp\/v2\/media\/53199"}],"wp:attachment":[{"href":"https:\/\/eldiariodesanpedro.com.ar\/sitio\/wp-json\/wp\/v2\/media?parent=64817"}],"wp:term":[{"taxonomy":"category","embeddable":true,"href":"https:\/\/eldiariodesanpedro.com.ar\/sitio\/wp-json\/wp\/v2\/categories?post=64817"},{"taxonomy":"post_tag","embeddable":true,"href":"https:\/\/eldiariodesanpedro.com.ar\/sitio\/wp-json\/wp\/v2\/tags?post=64817"}],"curies":[{"name":"wp","href":"https:\/\/api.w.org\/{rel}","templated":true}]}}