{"id":64815,"date":"2019-11-29T10:19:28","date_gmt":"2019-11-29T13:19:28","guid":{"rendered":"https:\/\/eldiariodesanpedro.com.ar\/sitio\/?p=64815"},"modified":"2019-11-29T10:19:33","modified_gmt":"2019-11-29T13:19:33","slug":"un-aprehendido-por-robar-una-moto","status":"publish","type":"post","link":"https:\/\/eldiariodesanpedro.com.ar\/sitio\/un-aprehendido-por-robar-una-moto\/","title":{"rendered":"Un aprehendido por robar una moto"},"content":{"rendered":"<!-- VideographyWP Plugin Message: Automatic video embedding prevented by plugin options. -->\n\n<p>Sucedi\u00f3 por la noche de este jueves, el delincuente de 22 a\u00f1os de edad llevaba de tiro el rodado cuando fue aprehendido por la polic\u00eda.<\/p>\n\n\n\n<p>Pasadas las 22 y 30 horas,  personal policial de la comisaria, alertada y tras r\u00e1pido proceder realiza operativo cerrojo en calle Las Provincias al 2200.<\/p>\n\n\n\n<p>Finalmente logra aprehender en fuga a un delincuente de 22 a\u00f1os, que llevaba de tiro a la carrera una motocicleta 110cc que instantes antes sustrajo de vereda Las Provincias y Casella.<\/p>\n\n\n\n<p>El rodado siendo propiedad de una femenina (33)\u00a0\u00a0que la hab\u00eda dejado estacionada en el lugar momentos antes le fue restablecido el rodado luego de que radicara su denuncia.<\/p>\n\n\n\n<p>El malviviente permanece alojado en la comisaria local a disposici\u00f3n de la fiscalia.<\/p>\n","protected":false},"excerpt":{"rendered":"<p>Sucedi\u00f3 por la noche de este jueves, el delincuente de 22 a\u00f1os de edad llevaba de tiro el rodado cuando fue aprehendido por la polic\u00eda. Pasadas las 22 y 30 horas, personal policial de la comisaria, alertada y tras r\u00e1pido proceder realiza operativo cerrojo en calle Las Provincias al 2200. Finalmente logra aprehender en fuga [&hellip;]<\/p>\n","protected":false},"author":4,"featured_media":63080,"comment_status":"open","ping_status":"closed","sticky":false,"template":"","format":"standard","meta":{"om_disable_all_campaigns":false,"_jetpack_memberships_contains_paid_content":false,"footnotes":""},"categories":[2,103],"tags":[],"class_list":["post-64815","post","type-post","status-publish","format-standard","has-post-thumbnail","hentry","category-locales","category-policiales-locales"],"aioseo_notices":[],"gutentor_comment":0,"jetpack_featured_media_url":"https:\/\/eldiariodesanpedro.com.ar\/sitio\/wp-content\/uploads\/2019\/10\/73323790_1116683925207412_6492102063021883392_n.jpg","jetpack_shortlink":"https:\/\/wp.me\/p6RhLt-gRp","jetpack_sharing_enabled":true,"_links":{"self":[{"href":"https:\/\/eldiariodesanpedro.com.ar\/sitio\/wp-json\/wp\/v2\/posts\/64815","targetHints":{"allow":["GET"]}}],"collection":[{"href":"https:\/\/eldiariodesanpedro.com.ar\/sitio\/wp-json\/wp\/v2\/posts"}],"about":[{"href":"https:\/\/eldiariodesanpedro.com.ar\/sitio\/wp-json\/wp\/v2\/types\/post"}],"author":[{"embeddable":true,"href":"https:\/\/eldiariodesanpedro.com.ar\/sitio\/wp-json\/wp\/v2\/users\/4"}],"replies":[{"embeddable":true,"href":"https:\/\/eldiariodesanpedro.com.ar\/sitio\/wp-json\/wp\/v2\/comments?post=64815"}],"version-history":[{"count":1,"href":"https:\/\/eldiariodesanpedro.com.ar\/sitio\/wp-json\/wp\/v2\/posts\/64815\/revisions"}],"predecessor-version":[{"id":64816,"href":"https:\/\/eldiariodesanpedro.com.ar\/sitio\/wp-json\/wp\/v2\/posts\/64815\/revisions\/64816"}],"wp:featuredmedia":[{"embeddable":true,"href":"https:\/\/eldiariodesanpedro.com.ar\/sitio\/wp-json\/wp\/v2\/media\/63080"}],"wp:attachment":[{"href":"https:\/\/eldiariodesanpedro.com.ar\/sitio\/wp-json\/wp\/v2\/media?parent=64815"}],"wp:term":[{"taxonomy":"category","embeddable":true,"href":"https:\/\/eldiariodesanpedro.com.ar\/sitio\/wp-json\/wp\/v2\/categories?post=64815"},{"taxonomy":"post_tag","embeddable":true,"href":"https:\/\/eldiariodesanpedro.com.ar\/sitio\/wp-json\/wp\/v2\/tags?post=64815"}],"curies":[{"name":"wp","href":"https:\/\/api.w.org\/{rel}","templated":true}]}}