{"id":64813,"date":"2019-11-29T09:49:27","date_gmt":"2019-11-29T12:49:27","guid":{"rendered":"https:\/\/eldiariodesanpedro.com.ar\/sitio\/?p=64813"},"modified":"2019-11-29T10:47:23","modified_gmt":"2019-11-29T13:47:23","slug":"indignacion-delincuente-con-frondosos-antecedentes-detenido-luego-de-robar-en-un-comercio-recupero-la-libertad-horas-despues","status":"publish","type":"post","link":"https:\/\/eldiariodesanpedro.com.ar\/sitio\/indignacion-delincuente-con-frondosos-antecedentes-detenido-luego-de-robar-en-un-comercio-recupero-la-libertad-horas-despues\/","title":{"rendered":"Indignaci\u00f3n: Delincuente con frondosos antecedentes detenido luego de robar en un comercio, recuper\u00f3 la libertad horas despu\u00e9s"},"content":{"rendered":"<!-- VideographyWP Plugin Message: Automatic video embedding prevented by plugin options. -->\n\n<p>El joven es un delincuente conocido quien entra y sale casi a diario de la comisar\u00eda local. En este caso sustrajo una importante suma de dinero de un comercio y un arma de fuego. Fue aprehendido secuestrando los elementos y puesto en libertad luego de declarar en fiscal\u00eda.<\/p>\n\n\n\n<ul class=\"wp-block-gallery columns-3 is-cropped wp-block-gallery-1 is-layout-flex wp-block-gallery-is-layout-flex\"><li class=\"blocks-gallery-item\"><figure><img decoding=\"async\" width=\"1280\" height=\"1280\" data-attachment-id=\"64819\" data-permalink=\"https:\/\/eldiariodesanpedro.com.ar\/sitio\/indignacion-delincuente-con-frondosos-antecedentes-detenido-luego-de-robar-en-un-comercio-recupero-la-libertad-horas-despues\/detenido-robo-escuela-18-2\/\" data-orig-file=\"https:\/\/eldiariodesanpedro.com.ar\/sitio\/wp-content\/uploads\/2019\/11\/Detenido-robo-escuela-18-2.jpg\" data-orig-size=\"1280,1280\" data-comments-opened=\"1\" data-image-meta=\"{&quot;aperture&quot;:&quot;0&quot;,&quot;credit&quot;:&quot;&quot;,&quot;camera&quot;:&quot;&quot;,&quot;caption&quot;:&quot;&quot;,&quot;created_timestamp&quot;:&quot;0&quot;,&quot;copyright&quot;:&quot;&quot;,&quot;focal_length&quot;:&quot;0&quot;,&quot;iso&quot;:&quot;0&quot;,&quot;shutter_speed&quot;:&quot;0&quot;,&quot;title&quot;:&quot;&quot;,&quot;orientation&quot;:&quot;0&quot;}\" data-image-title=\"Detenido-robo-escuela-18-2\" data-image-description=\"\" data-image-caption=\"\" data-large-file=\"https:\/\/eldiariodesanpedro.com.ar\/sitio\/wp-content\/uploads\/2019\/11\/Detenido-robo-escuela-18-2-1024x1024.jpg\" data-src=\"https:\/\/i0.wp.com\/eldiariodesanpedro.com.ar\/sitio\/wp-content\/uploads\/2019\/11\/Detenido-robo-escuela-18-2.jpg?fit=640%2C640\" alt=\"\" data-id=\"64819\" data-link=\"https:\/\/eldiariodesanpedro.com.ar\/sitio\/indignacion-delincuente-con-frondosos-antecedentes-detenido-luego-de-robar-en-un-comercio-recupero-la-libertad-horas-despues\/detenido-robo-escuela-18-2\/\" class=\"wp-image-64819 lazyload\" data-srcset=\"https:\/\/eldiariodesanpedro.com.ar\/sitio\/wp-content\/uploads\/2019\/11\/Detenido-robo-escuela-18-2.jpg 1280w, https:\/\/eldiariodesanpedro.com.ar\/sitio\/wp-content\/uploads\/2019\/11\/Detenido-robo-escuela-18-2-150x150.jpg 150w, https:\/\/eldiariodesanpedro.com.ar\/sitio\/wp-content\/uploads\/2019\/11\/Detenido-robo-escuela-18-2-300x300.jpg 300w, https:\/\/eldiariodesanpedro.com.ar\/sitio\/wp-content\/uploads\/2019\/11\/Detenido-robo-escuela-18-2-768x768.jpg 768w, https:\/\/eldiariodesanpedro.com.ar\/sitio\/wp-content\/uploads\/2019\/11\/Detenido-robo-escuela-18-2-1024x1024.jpg 1024w\" data-sizes=\"(max-width: 1280px) 100vw, 1280px\" src=\"data:image\/svg+xml;base64,PHN2ZyB3aWR0aD0iMSIgaGVpZ2h0PSIxIiB4bWxucz0iaHR0cDovL3d3dy53My5vcmcvMjAwMC9zdmciPjwvc3ZnPg==\" style=\"--smush-placeholder-width: 1280px; --smush-placeholder-aspect-ratio: 1280\/1280;\" \/><\/figure><\/li><li class=\"blocks-gallery-item\"><figure><img decoding=\"async\" width=\"960\" height=\"1280\" data-attachment-id=\"64820\" data-permalink=\"https:\/\/eldiariodesanpedro.com.ar\/sitio\/indignacion-delincuente-con-frondosos-antecedentes-detenido-luego-de-robar-en-un-comercio-recupero-la-libertad-horas-despues\/detenido-robo-escuela-18-4\/\" data-orig-file=\"https:\/\/eldiariodesanpedro.com.ar\/sitio\/wp-content\/uploads\/2019\/11\/Detenido-robo-escuela-18-4.jpg\" data-orig-size=\"960,1280\" data-comments-opened=\"1\" data-image-meta=\"{&quot;aperture&quot;:&quot;0&quot;,&quot;credit&quot;:&quot;&quot;,&quot;camera&quot;:&quot;&quot;,&quot;caption&quot;:&quot;&quot;,&quot;created_timestamp&quot;:&quot;0&quot;,&quot;copyright&quot;:&quot;&quot;,&quot;focal_length&quot;:&quot;0&quot;,&quot;iso&quot;:&quot;0&quot;,&quot;shutter_speed&quot;:&quot;0&quot;,&quot;title&quot;:&quot;&quot;,&quot;orientation&quot;:&quot;0&quot;}\" data-image-title=\"Detenido-robo-escuela-18-4\" data-image-description=\"\" data-image-caption=\"\" data-large-file=\"https:\/\/eldiariodesanpedro.com.ar\/sitio\/wp-content\/uploads\/2019\/11\/Detenido-robo-escuela-18-4-768x1024.jpg\" data-src=\"https:\/\/i0.wp.com\/eldiariodesanpedro.com.ar\/sitio\/wp-content\/uploads\/2019\/11\/Detenido-robo-escuela-18-4.jpg?fit=640%2C853\" alt=\"\" data-id=\"64820\" data-link=\"https:\/\/eldiariodesanpedro.com.ar\/sitio\/indignacion-delincuente-con-frondosos-antecedentes-detenido-luego-de-robar-en-un-comercio-recupero-la-libertad-horas-despues\/detenido-robo-escuela-18-4\/\" class=\"wp-image-64820 lazyload\" data-srcset=\"https:\/\/eldiariodesanpedro.com.ar\/sitio\/wp-content\/uploads\/2019\/11\/Detenido-robo-escuela-18-4.jpg 960w, https:\/\/eldiariodesanpedro.com.ar\/sitio\/wp-content\/uploads\/2019\/11\/Detenido-robo-escuela-18-4-225x300.jpg 225w, https:\/\/eldiariodesanpedro.com.ar\/sitio\/wp-content\/uploads\/2019\/11\/Detenido-robo-escuela-18-4-768x1024.jpg 768w\" data-sizes=\"(max-width: 960px) 100vw, 960px\" src=\"data:image\/svg+xml;base64,PHN2ZyB3aWR0aD0iMSIgaGVpZ2h0PSIxIiB4bWxucz0iaHR0cDovL3d3dy53My5vcmcvMjAwMC9zdmciPjwvc3ZnPg==\" style=\"--smush-placeholder-width: 960px; --smush-placeholder-aspect-ratio: 960\/1280;\" \/><\/figure><\/li><li class=\"blocks-gallery-item\"><figure><img decoding=\"async\" width=\"1280\" height=\"720\" data-attachment-id=\"64821\" data-permalink=\"https:\/\/eldiariodesanpedro.com.ar\/sitio\/indignacion-delincuente-con-frondosos-antecedentes-detenido-luego-de-robar-en-un-comercio-recupero-la-libertad-horas-despues\/detenido-robo-escuela-18-5\/\" data-orig-file=\"https:\/\/eldiariodesanpedro.com.ar\/sitio\/wp-content\/uploads\/2019\/11\/Detenido-robo-escuela-18-5.jpg\" data-orig-size=\"1280,720\" data-comments-opened=\"1\" data-image-meta=\"{&quot;aperture&quot;:&quot;0&quot;,&quot;credit&quot;:&quot;&quot;,&quot;camera&quot;:&quot;&quot;,&quot;caption&quot;:&quot;&quot;,&quot;created_timestamp&quot;:&quot;0&quot;,&quot;copyright&quot;:&quot;&quot;,&quot;focal_length&quot;:&quot;0&quot;,&quot;iso&quot;:&quot;0&quot;,&quot;shutter_speed&quot;:&quot;0&quot;,&quot;title&quot;:&quot;&quot;,&quot;orientation&quot;:&quot;0&quot;}\" data-image-title=\"Detenido-robo-escuela-18-5\" data-image-description=\"\" data-image-caption=\"\" data-large-file=\"https:\/\/eldiariodesanpedro.com.ar\/sitio\/wp-content\/uploads\/2019\/11\/Detenido-robo-escuela-18-5-1024x576.jpg\" data-src=\"https:\/\/i0.wp.com\/eldiariodesanpedro.com.ar\/sitio\/wp-content\/uploads\/2019\/11\/Detenido-robo-escuela-18-5.jpg?fit=640%2C360\" alt=\"\" data-id=\"64821\" data-link=\"https:\/\/eldiariodesanpedro.com.ar\/sitio\/indignacion-delincuente-con-frondosos-antecedentes-detenido-luego-de-robar-en-un-comercio-recupero-la-libertad-horas-despues\/detenido-robo-escuela-18-5\/\" class=\"wp-image-64821 lazyload\" data-srcset=\"https:\/\/eldiariodesanpedro.com.ar\/sitio\/wp-content\/uploads\/2019\/11\/Detenido-robo-escuela-18-5.jpg 1280w, https:\/\/eldiariodesanpedro.com.ar\/sitio\/wp-content\/uploads\/2019\/11\/Detenido-robo-escuela-18-5-300x169.jpg 300w, https:\/\/eldiariodesanpedro.com.ar\/sitio\/wp-content\/uploads\/2019\/11\/Detenido-robo-escuela-18-5-768x432.jpg 768w, https:\/\/eldiariodesanpedro.com.ar\/sitio\/wp-content\/uploads\/2019\/11\/Detenido-robo-escuela-18-5-1024x576.jpg 1024w, https:\/\/eldiariodesanpedro.com.ar\/sitio\/wp-content\/uploads\/2019\/11\/Detenido-robo-escuela-18-5-800x450.jpg 800w\" data-sizes=\"(max-width: 1280px) 100vw, 1280px\" src=\"data:image\/svg+xml;base64,PHN2ZyB3aWR0aD0iMSIgaGVpZ2h0PSIxIiB4bWxucz0iaHR0cDovL3d3dy53My5vcmcvMjAwMC9zdmciPjwvc3ZnPg==\" style=\"--smush-placeholder-width: 1280px; --smush-placeholder-aspect-ratio: 1280\/720;\" \/><\/figure><\/li><\/ul>\n\n\n\n<p>Indignaci\u00f3n, impotencia, enojo , no hay otro sentimiento que se asemeje a las decisiones que toman los fiscales y jueces de garant\u00edas. <\/p>\n\n\n\n<p>Este delincuente de 19 a\u00f1os de edad, la semana anterior fue aprehendido intentando ingresar a una carnicer\u00eda de calle Mitre, barrio los Aromos, recuperando la libertad a las horas.<\/p>\n\n\n\n<p>Visto por c\u00e1maras de seguridad se lo involucra en otros hechos resonantes delictivos en nuestra ciudad, no constatando su detenci\u00f3n por falta de MAS pruebas.<\/p>\n\n\n\n<p>En este \u00faltimo caso fue aprehendido con el dinero en efectivo que sustrajo de un local de rubro chatarreria en domicilio de calle 56 NRO. 1900 por la ma\u00f1ana de este jueves.<\/p>\n\n\n\n<p>Tras r\u00e1pido accionar policial, se procede a un operativo cerrojo en la zona donde finalmente se logra aprehenderlo en fuga.<\/p>\n\n\n\n<p>Al conocido DELINCUENTE se le secuestra el dinero que hab\u00eda sustra\u00eddo y un arma de fuego calibre 38 con cartucheria, propiedad tambi\u00e9n de la victima.<\/p>\n\n\n\n<p> Permaneci\u00f3 alojado en sede policial a disposici\u00f3n de la fiscal\u00eda local, UFI N\u00ba11, liberado por la noche. <\/p>\n\n\n\n<p> Lo cierto es que asistimos otra vez al caso de que los delincuentes con varias causas, son detenidos y en pocas horas puestos en libertad. Como sociedad estamos hartos de esta costumbre que tienen &nbsp;jueces y fiscales. En este caso el delincuente que dejaron en libertad deber\u00eda estar preso, est\u00e1n reunidos todos los elemento para ello. <\/p>\n\n\n\n<p>Vale aclarar en esta nota que por m\u00e1s que se manden mil polic\u00edas y mil gendarmes si los jueces y fiscales dejan en libertad a estos conocidos y peligrosos ladrones, la inseguridad va a crecer. Este es un problema de impunidad, y esa es una tarea que por estricto dise\u00f1o constitucional le corresponde al Poder Judicial.<\/p>\n","protected":false},"excerpt":{"rendered":"<p>El joven es un delincuente conocido quien entra y sale casi a diario de la comisar\u00eda local. En este caso sustrajo una importante suma de dinero de un comercio y un arma de fuego. Fue aprehendido secuestrando los elementos y puesto en libertad luego de declarar en fiscal\u00eda. Indignaci\u00f3n, impotencia, enojo , no hay otro [&hellip;]<\/p>\n","protected":false},"author":4,"featured_media":60820,"comment_status":"open","ping_status":"closed","sticky":false,"template":"","format":"standard","meta":{"om_disable_all_campaigns":false,"_jetpack_memberships_contains_paid_content":false,"footnotes":""},"categories":[50,2,103],"tags":[],"class_list":["post-64813","post","type-post","status-publish","format-standard","has-post-thumbnail","hentry","category-destacadas","category-locales","category-policiales-locales"],"aioseo_notices":[],"gutentor_comment":0,"jetpack_featured_media_url":"https:\/\/eldiariodesanpedro.com.ar\/sitio\/wp-content\/uploads\/2019\/09\/menor-aprehendido.jpg","jetpack_shortlink":"https:\/\/wp.me\/p6RhLt-gRn","jetpack_sharing_enabled":true,"_links":{"self":[{"href":"https:\/\/eldiariodesanpedro.com.ar\/sitio\/wp-json\/wp\/v2\/posts\/64813","targetHints":{"allow":["GET"]}}],"collection":[{"href":"https:\/\/eldiariodesanpedro.com.ar\/sitio\/wp-json\/wp\/v2\/posts"}],"about":[{"href":"https:\/\/eldiariodesanpedro.com.ar\/sitio\/wp-json\/wp\/v2\/types\/post"}],"author":[{"embeddable":true,"href":"https:\/\/eldiariodesanpedro.com.ar\/sitio\/wp-json\/wp\/v2\/users\/4"}],"replies":[{"embeddable":true,"href":"https:\/\/eldiariodesanpedro.com.ar\/sitio\/wp-json\/wp\/v2\/comments?post=64813"}],"version-history":[{"count":2,"href":"https:\/\/eldiariodesanpedro.com.ar\/sitio\/wp-json\/wp\/v2\/posts\/64813\/revisions"}],"predecessor-version":[{"id":64822,"href":"https:\/\/eldiariodesanpedro.com.ar\/sitio\/wp-json\/wp\/v2\/posts\/64813\/revisions\/64822"}],"wp:featuredmedia":[{"embeddable":true,"href":"https:\/\/eldiariodesanpedro.com.ar\/sitio\/wp-json\/wp\/v2\/media\/60820"}],"wp:attachment":[{"href":"https:\/\/eldiariodesanpedro.com.ar\/sitio\/wp-json\/wp\/v2\/media?parent=64813"}],"wp:term":[{"taxonomy":"category","embeddable":true,"href":"https:\/\/eldiariodesanpedro.com.ar\/sitio\/wp-json\/wp\/v2\/categories?post=64813"},{"taxonomy":"post_tag","embeddable":true,"href":"https:\/\/eldiariodesanpedro.com.ar\/sitio\/wp-json\/wp\/v2\/tags?post=64813"}],"curies":[{"name":"wp","href":"https:\/\/api.w.org\/{rel}","templated":true}]}}