{"id":64807,"date":"2019-11-28T19:23:52","date_gmt":"2019-11-28T22:23:52","guid":{"rendered":"https:\/\/eldiariodesanpedro.com.ar\/sitio\/?p=64807"},"modified":"2019-11-28T19:23:59","modified_gmt":"2019-11-28T22:23:59","slug":"detencion-acusado-de-abusar-de-sus-hijas-de-2-y-4-anos","status":"publish","type":"post","link":"https:\/\/eldiariodesanpedro.com.ar\/sitio\/detencion-acusado-de-abusar-de-sus-hijas-de-2-y-4-anos\/","title":{"rendered":"Detenci\u00f3n: acusado de abusar de sus hijas de 2 y 4 a\u00f1os"},"content":{"rendered":"<!-- VideographyWP Plugin Message: Automatic video embedding prevented by plugin options. -->\n\n<p>La denuncia la radic\u00f3 su mam\u00e1 en la comisaria de la Mujer y Familia en el a\u00f1o 2018. Este jueves efectivizaron su detenci\u00f3n.<\/p>\n\n\n\n<p>Personal de la Sub D.D.I. Baradero a las \u00f3rdenes del Comisario Inspector Horacio Sergio \u00c1balos, habiendo tomado oportuna intervenci\u00f3n en denuncia radicada en la sede de la Comisar\u00eda de la Mujer y la Familia de San Pedro,  el d\u00eda 12 de Octubre de 2018,  por una persona de sexo femenino que refiere, su hasta ese entonces, que su  pareja abus\u00f3 sexualmente de las hijas de ambos, las  cuales ten\u00edan dos y cuatro a\u00f1os de edad.<\/p>\n\n\n\n<p style=\"text-align:left\">En ese momento se inician los protocolos adecuados para estos casos para el resguardo de las ni\u00f1as y por oto lado se iniciaron Actuaciones Judiciales caratuladas ABUSO SEXUAL CON ACCESO CARNAL AGRAVADO, con intervenci\u00f3n de U.F.I. Nro. XI a cargo de la Sra. Agte. Fiscal Dra. Viviana Ramos, y Juzgado de Garant\u00edas Nro. III a cargo de S.S. Dra. Mar\u00eda Eugenia Maiztegui.<\/p>\n\n\n\n<p>Luego se realizaron distintas tareas investigativas por parte del personal de D.D.I. abocado a ello, adem\u00e1s de otras medidas de rigor requeridas por la Fiscal\u00eda interviniente; culminando \u00e9stas en la extensi\u00f3n el d\u00eda de la fecha por parte del Juzgado de Garant\u00edas interviniente de ORDEN DE DETENCI\u00d3N para con el imputado de 44 a\u00f1os de edad, domiciliado en calle Laprida y Litoral del Barrio Estrada de esta ciudad de San Pedro.<\/p>\n\n\n\n<p> Se detall\u00f3 que este jueves fue  efectivizada por parte del personal de la polic\u00eda de investigaciones junto con personal de la Estaci\u00f3n de Polic\u00eda Comunal San Pedro y de la Comisar\u00eda de la Mujer y la Familia de San Pedro que el Detenido permanece alojado en D.D.I. debiendo prestar Declaraci\u00f3n como imputado el d\u00eda Viernes 29 del corriente en sede fiscal.<\/p>\n","protected":false},"excerpt":{"rendered":"<p>La denuncia la radic\u00f3 su mam\u00e1 en la comisaria de la Mujer y Familia en el a\u00f1o 2018. Este jueves efectivizaron su detenci\u00f3n. Personal de la Sub D.D.I. Baradero a las \u00f3rdenes del Comisario Inspector Horacio Sergio \u00c1balos, habiendo tomado oportuna intervenci\u00f3n en denuncia radicada en la sede de la Comisar\u00eda de la Mujer y [&hellip;]<\/p>\n","protected":false},"author":4,"featured_media":64806,"comment_status":"open","ping_status":"closed","sticky":false,"template":"","format":"standard","meta":{"om_disable_all_campaigns":false,"_jetpack_memberships_contains_paid_content":false,"footnotes":""},"categories":[50,2,103],"tags":[],"class_list":["post-64807","post","type-post","status-publish","format-standard","has-post-thumbnail","hentry","category-destacadas","category-locales","category-policiales-locales"],"aioseo_notices":[],"gutentor_comment":0,"jetpack_featured_media_url":"https:\/\/eldiariodesanpedro.com.ar\/sitio\/wp-content\/uploads\/2019\/11\/0_PicsArt_11-28-07_watermark_jue._28112019_191127.jpg","jetpack_shortlink":"https:\/\/wp.me\/p6RhLt-gRh","jetpack_sharing_enabled":true,"_links":{"self":[{"href":"https:\/\/eldiariodesanpedro.com.ar\/sitio\/wp-json\/wp\/v2\/posts\/64807","targetHints":{"allow":["GET"]}}],"collection":[{"href":"https:\/\/eldiariodesanpedro.com.ar\/sitio\/wp-json\/wp\/v2\/posts"}],"about":[{"href":"https:\/\/eldiariodesanpedro.com.ar\/sitio\/wp-json\/wp\/v2\/types\/post"}],"author":[{"embeddable":true,"href":"https:\/\/eldiariodesanpedro.com.ar\/sitio\/wp-json\/wp\/v2\/users\/4"}],"replies":[{"embeddable":true,"href":"https:\/\/eldiariodesanpedro.com.ar\/sitio\/wp-json\/wp\/v2\/comments?post=64807"}],"version-history":[{"count":1,"href":"https:\/\/eldiariodesanpedro.com.ar\/sitio\/wp-json\/wp\/v2\/posts\/64807\/revisions"}],"predecessor-version":[{"id":64808,"href":"https:\/\/eldiariodesanpedro.com.ar\/sitio\/wp-json\/wp\/v2\/posts\/64807\/revisions\/64808"}],"wp:featuredmedia":[{"embeddable":true,"href":"https:\/\/eldiariodesanpedro.com.ar\/sitio\/wp-json\/wp\/v2\/media\/64806"}],"wp:attachment":[{"href":"https:\/\/eldiariodesanpedro.com.ar\/sitio\/wp-json\/wp\/v2\/media?parent=64807"}],"wp:term":[{"taxonomy":"category","embeddable":true,"href":"https:\/\/eldiariodesanpedro.com.ar\/sitio\/wp-json\/wp\/v2\/categories?post=64807"},{"taxonomy":"post_tag","embeddable":true,"href":"https:\/\/eldiariodesanpedro.com.ar\/sitio\/wp-json\/wp\/v2\/tags?post=64807"}],"curies":[{"name":"wp","href":"https:\/\/api.w.org\/{rel}","templated":true}]}}