{"id":64804,"date":"2019-11-28T19:06:26","date_gmt":"2019-11-28T22:06:26","guid":{"rendered":"https:\/\/eldiariodesanpedro.com.ar\/sitio\/?p=64804"},"modified":"2019-11-28T19:06:32","modified_gmt":"2019-11-28T22:06:32","slug":"clausuraron-la-panaderia-donde-se-produjo-el-incendio","status":"publish","type":"post","link":"https:\/\/eldiariodesanpedro.com.ar\/sitio\/clausuraron-la-panaderia-donde-se-produjo-el-incendio\/","title":{"rendered":"Clausuraron la Panader\u00eda donde se produjo el incendio"},"content":{"rendered":"<!-- VideographyWP Plugin Message: Automatic video embedding prevented by plugin options. -->\n\n<figure class=\"wp-block-image is-resized\"><img decoding=\"async\" data-attachment-id=\"64801\" data-permalink=\"https:\/\/eldiariodesanpedro.com.ar\/sitio\/0_img-20191128-wa0058_watermark_jue-_28112019_184348\/\" data-orig-file=\"https:\/\/eldiariodesanpedro.com.ar\/sitio\/wp-content\/uploads\/2019\/11\/0_IMG-20191128-WA0058_watermark_jue._28112019_184348-e1574978065648.jpg\" data-orig-size=\"576,885\" data-comments-opened=\"1\" data-image-meta=\"{&quot;aperture&quot;:&quot;0&quot;,&quot;credit&quot;:&quot;&quot;,&quot;camera&quot;:&quot;&quot;,&quot;caption&quot;:&quot;&quot;,&quot;created_timestamp&quot;:&quot;0&quot;,&quot;copyright&quot;:&quot;&quot;,&quot;focal_length&quot;:&quot;0&quot;,&quot;iso&quot;:&quot;0&quot;,&quot;shutter_speed&quot;:&quot;0&quot;,&quot;title&quot;:&quot;&quot;,&quot;orientation&quot;:&quot;0&quot;}\" data-image-title=\"0_IMG-20191128-WA0058_watermark_jue._28112019_184348\" data-image-description=\"\" data-image-caption=\"\" data-large-file=\"https:\/\/eldiariodesanpedro.com.ar\/sitio\/wp-content\/uploads\/2019\/11\/0_IMG-20191128-WA0058_watermark_jue._28112019_184348-576x1024.jpg\" data-src=\"https:\/\/eldiariodesanpedro.com.ar\/sitio\/wp-content\/uploads\/2019\/11\/0_IMG-20191128-WA0058_watermark_jue._28112019_184348-576x1024.jpg\" alt=\"\" class=\"wp-image-64801 lazyload\" width=\"275\" height=\"489\" src=\"data:image\/svg+xml;base64,PHN2ZyB3aWR0aD0iMSIgaGVpZ2h0PSIxIiB4bWxucz0iaHR0cDovL3d3dy53My5vcmcvMjAwMC9zdmciPjwvc3ZnPg==\" style=\"--smush-placeholder-width: 275px; --smush-placeholder-aspect-ratio: 275\/489;\" \/><\/figure>\n\n\n\n<p>El procedimiento se realiz\u00f3 por el personal policial y personal de inspecci\u00f3n pasadas las 17 horas de este jueves.El comercio ubicado en Manuel Iglesias al 2100 fue clausurado luego del grave incidente que ocurri\u00f3 el lunes por la ma\u00f1ana donde Agust\u00edn y Diego Iglesias resultaron gravemente quemados cuando explotara un tubo de gas. Los hermanos se encontraban trabajando, siendo empleados del lugar.<\/p>\n\n\n\n<p>Su propietario tambi\u00e9n sufri\u00f3 heridas de quemaduras pero leves, quien se encuentra asistido en el nosocomio local. Agust\u00edn y Diego, ya se encuentran en el Instituto del Quemado en Bs As.<\/p>\n\n\n\n<p>Seg\u00fan testimonios de familiares del due\u00f1o de la panader\u00eda decidieron abrirla este jueves para solventar gastos ya que era su \u00fanica entrada de dinero, pero personal de inspecci\u00f3n r\u00e1pidamente coloc\u00f3 las fajas de CLAUSURA.<\/p>\n\n\n\n<p>La panader\u00eda no se encuentra habilitada. Igualmente se encuentra en investigaci\u00f3n a causa del accidente.<\/p>\n","protected":false},"excerpt":{"rendered":"<p>El procedimiento se realiz\u00f3 por el personal policial y personal de inspecci\u00f3n pasadas las 17 horas de este jueves.El comercio ubicado en Manuel Iglesias al 2100 fue clausurado luego del grave incidente que ocurri\u00f3 el lunes por la ma\u00f1ana donde Agust\u00edn y Diego Iglesias resultaron gravemente quemados cuando explotara un tubo de gas. Los hermanos [&hellip;]<\/p>\n","protected":false},"author":4,"featured_media":64604,"comment_status":"open","ping_status":"closed","sticky":false,"template":"","format":"standard","meta":{"om_disable_all_campaigns":false,"_jetpack_memberships_contains_paid_content":false,"footnotes":""},"categories":[2,103],"tags":[],"class_list":["post-64804","post","type-post","status-publish","format-standard","has-post-thumbnail","hentry","category-locales","category-policiales-locales"],"aioseo_notices":[],"gutentor_comment":0,"jetpack_featured_media_url":"https:\/\/eldiariodesanpedro.com.ar\/sitio\/wp-content\/uploads\/2019\/11\/20191125_1154411-1.jpg","jetpack_shortlink":"https:\/\/wp.me\/p6RhLt-gRe","jetpack_sharing_enabled":true,"_links":{"self":[{"href":"https:\/\/eldiariodesanpedro.com.ar\/sitio\/wp-json\/wp\/v2\/posts\/64804","targetHints":{"allow":["GET"]}}],"collection":[{"href":"https:\/\/eldiariodesanpedro.com.ar\/sitio\/wp-json\/wp\/v2\/posts"}],"about":[{"href":"https:\/\/eldiariodesanpedro.com.ar\/sitio\/wp-json\/wp\/v2\/types\/post"}],"author":[{"embeddable":true,"href":"https:\/\/eldiariodesanpedro.com.ar\/sitio\/wp-json\/wp\/v2\/users\/4"}],"replies":[{"embeddable":true,"href":"https:\/\/eldiariodesanpedro.com.ar\/sitio\/wp-json\/wp\/v2\/comments?post=64804"}],"version-history":[{"count":1,"href":"https:\/\/eldiariodesanpedro.com.ar\/sitio\/wp-json\/wp\/v2\/posts\/64804\/revisions"}],"predecessor-version":[{"id":64805,"href":"https:\/\/eldiariodesanpedro.com.ar\/sitio\/wp-json\/wp\/v2\/posts\/64804\/revisions\/64805"}],"wp:featuredmedia":[{"embeddable":true,"href":"https:\/\/eldiariodesanpedro.com.ar\/sitio\/wp-json\/wp\/v2\/media\/64604"}],"wp:attachment":[{"href":"https:\/\/eldiariodesanpedro.com.ar\/sitio\/wp-json\/wp\/v2\/media?parent=64804"}],"wp:term":[{"taxonomy":"category","embeddable":true,"href":"https:\/\/eldiariodesanpedro.com.ar\/sitio\/wp-json\/wp\/v2\/categories?post=64804"},{"taxonomy":"post_tag","embeddable":true,"href":"https:\/\/eldiariodesanpedro.com.ar\/sitio\/wp-json\/wp\/v2\/tags?post=64804"}],"curies":[{"name":"wp","href":"https:\/\/api.w.org\/{rel}","templated":true}]}}