{"id":64797,"date":"2019-11-28T18:09:25","date_gmt":"2019-11-28T21:09:25","guid":{"rendered":"https:\/\/eldiariodesanpedro.com.ar\/sitio\/?p=64797"},"modified":"2019-11-28T18:09:31","modified_gmt":"2019-11-28T21:09:31","slug":"la-universidad-en-san-pedro","status":"publish","type":"post","link":"https:\/\/eldiariodesanpedro.com.ar\/sitio\/la-universidad-en-san-pedro\/","title":{"rendered":"La Universidad en San Pedro"},"content":{"rendered":"<!-- VideographyWP Plugin Message: Automatic video embedding prevented by plugin options. -->\n\n<p>Esta ma\u00f1ana se realiz\u00f3 en la EEST N\u00b01, la presentaci\u00f3n de dos nuevas propuestas educativas p\u00fablicas gratuitas de nivel superior para nuestra ciudad y la regi\u00f3n.<\/p>\n\n\n\n<p>La Municipalidad de San Pedro y la Universidad Nacional de San Antonio de Areco (UNSAdA) llevaron adelante la presentaci\u00f3n y reuniones informativas, de la Tecnicatura Universitaria en Mantenimiento Industrial y la Licenciatura en Administraci\u00f3n, carrera de grado complementaria de las Tecnicaturas Superiores en Administraci\u00f3n Contable, y P\u00fablica que se dictan en el Instituto Superior de Formaci\u00f3n T\u00e9cnica N\u00ba 118.<br><\/p>\n\n\n\n<p>Estuvieron presentes el Lic. Pablo Rossi, Secretario General de UNSAdA y Lic. Walter Bonillo, Secretario Acad\u00e9mico de la Universidad, quienes se mostraron muy conformes por la convocatoria e indicaron que \u201cla educaci\u00f3n es la funci\u00f3n principal en la formaci\u00f3n de la sociedad\u201d. <\/p>\n\n\n\n<p>Por parte del Municipio, el Secretario de Gobierno Silvio Corti expres\u00f3 que estas iniciativas son \u201ccomo abrir puertas para que todos los j\u00f3venes puedan desarrollarse en una profesi\u00f3n\u201d. Adem\u00e1s, agreg\u00f3 que \u201ces muy importante aprovechar todas las herramientas socioeducativas que brinda una universidad\u201d. <\/p>\n\n\n\n<p>La Municipalidad de San Pedro dise\u00f1a y apoya estas pol\u00edticas p\u00fablicas a trav\u00e9s del Intendente Municipal Cecilio Salazar, en conjunto con el Consejo Escolar y la Jefatura Distrital de Educaci\u00f3n.<\/p>\n\n\n\n<p>Las preinscripciones para todas aquellas personas que est\u00e9n interesadas son presenciales y se llevan adelante en la Secretar\u00eda de Desarrollo Econ\u00f3mico ubicada en Mitre 327 (1\u00b0 Piso) de 8 a 14 hs.<\/p>\n\n\n\n<p> All\u00ed se brindar\u00e1 toda la informaci\u00f3n y requisitos para estas dos carreras que ampl\u00edan la oferta educativa p\u00fablica y gratuita en la regi\u00f3n.<\/p>\n\n\n\n<p> Para m\u00e1s informaci\u00f3n acad\u00e9mica, visitar\u00a0<a rel=\"noreferrer noopener\" href=\"http:\/\/www.unsada.edu.ar\/\" target=\"_blank\">www.unsada.edu.ar<\/a><\/p>\n","protected":false},"excerpt":{"rendered":"<p>Esta ma\u00f1ana se realiz\u00f3 en la EEST N\u00b01, la presentaci\u00f3n de dos nuevas propuestas educativas p\u00fablicas gratuitas de nivel superior para nuestra ciudad y la regi\u00f3n. La Municipalidad de San Pedro y la Universidad Nacional de San Antonio de Areco (UNSAdA) llevaron adelante la presentaci\u00f3n y reuniones informativas, de la Tecnicatura Universitaria en Mantenimiento Industrial [&hellip;]<\/p>\n","protected":false},"author":4,"featured_media":64798,"comment_status":"open","ping_status":"closed","sticky":false,"template":"","format":"standard","meta":{"om_disable_all_campaigns":false,"_jetpack_memberships_contains_paid_content":false,"footnotes":""},"categories":[101,2],"tags":[],"class_list":["post-64797","post","type-post","status-publish","format-standard","has-post-thumbnail","hentry","category-interes-general-locales","category-locales"],"aioseo_notices":[],"gutentor_comment":0,"jetpack_featured_media_url":"https:\/\/eldiariodesanpedro.com.ar\/sitio\/wp-content\/uploads\/2019\/11\/BI4A8848.jpg","jetpack_shortlink":"https:\/\/wp.me\/p6RhLt-gR7","jetpack_sharing_enabled":true,"_links":{"self":[{"href":"https:\/\/eldiariodesanpedro.com.ar\/sitio\/wp-json\/wp\/v2\/posts\/64797","targetHints":{"allow":["GET"]}}],"collection":[{"href":"https:\/\/eldiariodesanpedro.com.ar\/sitio\/wp-json\/wp\/v2\/posts"}],"about":[{"href":"https:\/\/eldiariodesanpedro.com.ar\/sitio\/wp-json\/wp\/v2\/types\/post"}],"author":[{"embeddable":true,"href":"https:\/\/eldiariodesanpedro.com.ar\/sitio\/wp-json\/wp\/v2\/users\/4"}],"replies":[{"embeddable":true,"href":"https:\/\/eldiariodesanpedro.com.ar\/sitio\/wp-json\/wp\/v2\/comments?post=64797"}],"version-history":[{"count":1,"href":"https:\/\/eldiariodesanpedro.com.ar\/sitio\/wp-json\/wp\/v2\/posts\/64797\/revisions"}],"predecessor-version":[{"id":64799,"href":"https:\/\/eldiariodesanpedro.com.ar\/sitio\/wp-json\/wp\/v2\/posts\/64797\/revisions\/64799"}],"wp:featuredmedia":[{"embeddable":true,"href":"https:\/\/eldiariodesanpedro.com.ar\/sitio\/wp-json\/wp\/v2\/media\/64798"}],"wp:attachment":[{"href":"https:\/\/eldiariodesanpedro.com.ar\/sitio\/wp-json\/wp\/v2\/media?parent=64797"}],"wp:term":[{"taxonomy":"category","embeddable":true,"href":"https:\/\/eldiariodesanpedro.com.ar\/sitio\/wp-json\/wp\/v2\/categories?post=64797"},{"taxonomy":"post_tag","embeddable":true,"href":"https:\/\/eldiariodesanpedro.com.ar\/sitio\/wp-json\/wp\/v2\/tags?post=64797"}],"curies":[{"name":"wp","href":"https:\/\/api.w.org\/{rel}","templated":true}]}}