{"id":64786,"date":"2019-11-28T18:02:49","date_gmt":"2019-11-28T21:02:49","guid":{"rendered":"https:\/\/eldiariodesanpedro.com.ar\/sitio\/?p=64786"},"modified":"2019-11-28T18:51:21","modified_gmt":"2019-11-28T21:51:21","slug":"presentacion-de-los-libros-de-jorge-sagrera-en-la-biblioteca","status":"publish","type":"post","link":"https:\/\/eldiariodesanpedro.com.ar\/sitio\/presentacion-de-los-libros-de-jorge-sagrera-en-la-biblioteca\/","title":{"rendered":"Presentaci\u00f3n de los libros de Jorge Sagrera en la Biblioteca"},"content":{"rendered":"<!-- VideographyWP Plugin Message: Automatic video embedding prevented by plugin options. -->\n\n<p>Jorge Sagrera presentar\u00e1 sus \u00faltimos ocho libros publicados, la misma se llevar\u00e1 a cabo el viernes 29 de noviembre, a las 19.30, en la Biblioteca popular Rafael Obligado, de San Pedro. Actuar\u00e1 el d\u00fao Eiti Leda, integrado por Lorena Barril y Edgar Pignat. La entrada es libre y gratuita.<\/p>\n\n\n\n<p>Estos son comentarios al libro de poema: \u201cVida de una nube\u201d<\/p>\n\n\n\n<p>Hilvana en sus trazos un camino m\u00edstico en los paisajes de este siglo confuso y descre\u00eddo. Hay una fe que le duele y en la cual madura en su estatura de hombre y de artista, una verdad que al descubrirse le exige m\u00e1s.<\/p>\n\n\n\n<p>&nbsp;&nbsp;&nbsp;&nbsp;&nbsp;&nbsp;&nbsp;&nbsp;&nbsp;&nbsp;&nbsp;&nbsp;Gerardo David Curi\u00e1<\/p>\n\n\n\n<p>As\u00ed el paisaje de la mente (desierto, culpa) lucha con el paisaje del r\u00edo (junco, miel, camalote, barro) y ambos se enlazan en el poema como dos gemelos irreconciliables. Por eso el poeta se dice: \u201cAh\u00ed est\u00e1s\/ inconcluso entre dos horizontes: \/ El horizonte de la tierra, \/ el horizonte del cielo\u201d.<\/p>\n\n\n\n<p>Lidia Rocha<\/p>\n\n\n\n<p>El alma religiosa no es la que se deshace en plegarias obsecuentes y jaculatorias de alabanza, sino la que de persona a Persona agradece, cuestiona, amenaza, clama, grita o desplanta. La que ama. Mensaje impresionante este de descubrir que el tan mentado&nbsp;<em>Mysterium tremendum&nbsp;<\/em>es, al fin y al cabo, Otro.<\/p>\n\n\n\n<p>Guillermo Bast\u00eda<\/p>\n\n\n\n<p>La obra de Jorge Sagrera es, b\u00e1sicamente, una melod\u00eda. Una melod\u00eda multicolor. Una correspondencia de sentidos, como la mejor poes\u00eda surrealista. Nacida de lo intuido, tal vez m\u00e1s que de lo vivido. O de ambos, en todo caso. Nacida del pensar. Del cavilar. Del silencio.<\/p>\n\n\n\n<p>El poema final es un compendio de belleza. Un resumen de todo lo andado y por andar:<\/p>\n\n\n\n<p>\u201cDesde la m\u00e1s profunda y humilde nervadura<\/p>\n\n\n\n<p>desde la m\u00e1s peque\u00f1a e inadvertida nervadura,<\/p>\n\n\n\n<p>abuela con experiencia se ofrece para zurcir almas\u201d.<\/p>\n\n\n\n<p>Marta San Mart\u00edn<\/p>\n\n\n\n<p>Mi curr\u00edculum:<\/p>\n\n\n\n<p>Jorge Luis Sagrera naci\u00f3 en San Pedro, Buenos Aires, Argentina. Licenciado en Comunicaci\u00f3n Social (UNR).<\/p>\n\n\n\n<p>Public\u00f3 los siguientes t\u00edtulos:<\/p>\n\n\n\n<p><strong><em>El ojo del cicl\u00f3n<\/em><\/strong>, cuentos, Menci\u00f3n del Fondo Nacional de las Artes, Argentina (Grupo Editor Latinoamericano, 1995).<\/p>\n\n\n\n<p><strong><em>El tal\u00f3n de Esa\u00fa<\/em><\/strong>, novela,&nbsp;Primer Premio Fondo Nacional de las Artes (Grupo Editor Latinoamericano, 1996).<\/p>\n\n\n\n<p><strong><em>Malvinas 1982-1998<\/em><\/strong>,&nbsp;&nbsp;guion documental, Primer Puesto en la&nbsp;&nbsp;categor\u00eda 3 de los&nbsp;&nbsp;Premios&nbsp;&nbsp;ATVC (Asociaci\u00f3n Argentina de televisi\u00f3n por cable).<\/p>\n\n\n\n<p><strong><em>Aura y punctum, crep\u00fasculos en el siglo que amanece<\/em><\/strong><em>,<\/em>&nbsp;ensayo (UNR Editora, 2004).<\/p>\n\n\n\n<p><strong><em>Idos; Ni\u00f1os y Descoloridos<\/em><\/strong>, cuentos(Ediciones El Escriba, 2006).<\/p>\n\n\n\n<p><strong><em>Los corderos imperfectos<\/em><\/strong>, novela (La m\u00e1quina del tiempo, 2010).<\/p>\n\n\n\n<p><strong><em>Los \u00faltimos polvos de la estrella<\/em><\/strong>, cuentos (La m\u00e1quina del tiempo, 2011).<\/p>\n\n\n\n<p><strong><em>Gloria Dixit, su pel\u00edcula<\/em><\/strong>, novela cinematogr\u00e1fica(Prosa Amerian Editores, 2013).<\/p>\n\n\n\n<p><strong><em>Poemas para Loli Dostoievski<\/em><\/strong>, poes\u00eda, Primer Premio IV Certamen Nacional e Internacional Ediciones El Escriba (Ediciones El escriba 2014).<\/p>\n\n\n\n<p><strong><em>Notas de guerra<\/em><\/strong>, entrevistas a veteranos de guerra (Arenz &amp; Antich, Editores, 2015).<\/p>\n\n\n\n<p>En 2019 (todos los t\u00edtulos con Arenz &amp; Antich, Editores) publica:&nbsp;<strong><em>D\u00edas de S\u00e9ptimo<\/em><\/strong>&nbsp;(Cuentos),&nbsp;<strong><em>Las er\u00f3ticas b\u00edblicas<\/em><\/strong>&nbsp;(Cuentos),&nbsp;<strong><em>Gloria Dixit en Nueva York<\/em><\/strong>&nbsp;(Novela cinematogr\u00e1fica),&nbsp;<strong><em>Un saltamontes en Katmand\u00fa<\/em><\/strong>&nbsp;(Novela),&nbsp;<strong><em>Tres minutos de m\u00fasica de sahumerios<\/em><\/strong>&nbsp;(Novela),&nbsp;<strong><em>Oro, incienso, mirra<\/em><\/strong>&nbsp;(Novela),&nbsp;<strong><em>Para la cartera de la dama y el bolsillo del caballero<\/em><\/strong>&nbsp;(Frases),&nbsp;<strong><em>Vida de una nube<\/em><\/strong>&nbsp;(Poes\u00eda).<\/p>\n\n\n\n<p>Los libros est\u00e1n disponibles Amazon, gratis con KindleUnlimited<\/p>\n\n\n\n<ul class=\"wp-block-gallery columns-3 is-cropped wp-block-gallery-1 is-layout-flex wp-block-gallery-is-layout-flex\"><li class=\"blocks-gallery-item\"><figure><img decoding=\"async\" width=\"684\" height=\"1024\" data-attachment-id=\"64787\" data-permalink=\"https:\/\/eldiariodesanpedro.com.ar\/sitio\/presentacion-de-los-libros-de-jorge-sagrera-en-la-biblioteca\/dias-de-septimo-tapa\/\" data-orig-file=\"https:\/\/eldiariodesanpedro.com.ar\/sitio\/wp-content\/uploads\/2019\/11\/D\u00edas-de-S\u00e9ptimo-Tapa.jpg\" data-orig-size=\"1673,2503\" data-comments-opened=\"1\" data-image-meta=\"{&quot;aperture&quot;:&quot;0&quot;,&quot;credit&quot;:&quot;&quot;,&quot;camera&quot;:&quot;&quot;,&quot;caption&quot;:&quot;&quot;,&quot;created_timestamp&quot;:&quot;0&quot;,&quot;copyright&quot;:&quot;&quot;,&quot;focal_length&quot;:&quot;0&quot;,&quot;iso&quot;:&quot;0&quot;,&quot;shutter_speed&quot;:&quot;0&quot;,&quot;title&quot;:&quot;&quot;,&quot;orientation&quot;:&quot;0&quot;}\" data-image-title=\"D\u00edas de S\u00e9ptimo Tapa\" data-image-description=\"\" data-image-caption=\"\" data-large-file=\"https:\/\/eldiariodesanpedro.com.ar\/sitio\/wp-content\/uploads\/2019\/11\/D\u00edas-de-S\u00e9ptimo-Tapa-684x1024.jpg\" data-src=\"https:\/\/eldiariodesanpedro.com.ar\/sitio\/wp-content\/uploads\/2019\/11\/D\u00edas-de-S\u00e9ptimo-Tapa-684x1024.jpg\" alt=\"\" data-id=\"64787\" data-link=\"https:\/\/eldiariodesanpedro.com.ar\/sitio\/?attachment_id=64787\" class=\"wp-image-64787 lazyload\" data-srcset=\"https:\/\/eldiariodesanpedro.com.ar\/sitio\/wp-content\/uploads\/2019\/11\/D\u00edas-de-S\u00e9ptimo-Tapa-684x1024.jpg 684w, https:\/\/eldiariodesanpedro.com.ar\/sitio\/wp-content\/uploads\/2019\/11\/D\u00edas-de-S\u00e9ptimo-Tapa-201x300.jpg 201w, https:\/\/eldiariodesanpedro.com.ar\/sitio\/wp-content\/uploads\/2019\/11\/D\u00edas-de-S\u00e9ptimo-Tapa-768x1149.jpg 768w, https:\/\/eldiariodesanpedro.com.ar\/sitio\/wp-content\/uploads\/2019\/11\/D\u00edas-de-S\u00e9ptimo-Tapa.jpg 1673w\" data-sizes=\"(max-width: 684px) 100vw, 684px\" src=\"data:image\/svg+xml;base64,PHN2ZyB3aWR0aD0iMSIgaGVpZ2h0PSIxIiB4bWxucz0iaHR0cDovL3d3dy53My5vcmcvMjAwMC9zdmciPjwvc3ZnPg==\" style=\"--smush-placeholder-width: 684px; --smush-placeholder-aspect-ratio: 684\/1024;\" \/><\/figure><\/li><li class=\"blocks-gallery-item\"><figure><img decoding=\"async\" width=\"200\" height=\"300\" data-attachment-id=\"64788\" data-permalink=\"https:\/\/eldiariodesanpedro.com.ar\/sitio\/presentacion-de-los-libros-de-jorge-sagrera-en-la-biblioteca\/foto-jorge-sagrera-i\/\" data-orig-file=\"https:\/\/eldiariodesanpedro.com.ar\/sitio\/wp-content\/uploads\/2019\/11\/Foto-Jorge-Sagrera-I.jpg\" data-orig-size=\"200,300\" data-comments-opened=\"1\" data-image-meta=\"{&quot;aperture&quot;:&quot;0&quot;,&quot;credit&quot;:&quot;&quot;,&quot;camera&quot;:&quot;&quot;,&quot;caption&quot;:&quot;&quot;,&quot;created_timestamp&quot;:&quot;0&quot;,&quot;copyright&quot;:&quot;&quot;,&quot;focal_length&quot;:&quot;0&quot;,&quot;iso&quot;:&quot;0&quot;,&quot;shutter_speed&quot;:&quot;0&quot;,&quot;title&quot;:&quot;&quot;,&quot;orientation&quot;:&quot;0&quot;}\" data-image-title=\"Foto Jorge Sagrera I\" data-image-description=\"\" data-image-caption=\"\" data-large-file=\"https:\/\/eldiariodesanpedro.com.ar\/sitio\/wp-content\/uploads\/2019\/11\/Foto-Jorge-Sagrera-I.jpg\" data-src=\"https:\/\/eldiariodesanpedro.com.ar\/sitio\/wp-content\/uploads\/2019\/11\/Foto-Jorge-Sagrera-I.jpg\" alt=\"\" data-id=\"64788\" data-link=\"https:\/\/eldiariodesanpedro.com.ar\/sitio\/?attachment_id=64788\" class=\"wp-image-64788 lazyload\" src=\"data:image\/svg+xml;base64,PHN2ZyB3aWR0aD0iMSIgaGVpZ2h0PSIxIiB4bWxucz0iaHR0cDovL3d3dy53My5vcmcvMjAwMC9zdmciPjwvc3ZnPg==\" style=\"--smush-placeholder-width: 200px; --smush-placeholder-aspect-ratio: 200\/300;\" \/><\/figure><\/li><li class=\"blocks-gallery-item\"><figure><img decoding=\"async\" width=\"677\" height=\"1024\" data-attachment-id=\"64789\" data-permalink=\"https:\/\/eldiariodesanpedro.com.ar\/sitio\/presentacion-de-los-libros-de-jorge-sagrera-en-la-biblioteca\/gloria-dixit-en-nueva-york-tapa\/\" data-orig-file=\"https:\/\/eldiariodesanpedro.com.ar\/sitio\/wp-content\/uploads\/2019\/11\/Gloria-Dixit-en-Nueva-York-Tapa.jpg\" data-orig-size=\"1753,2653\" data-comments-opened=\"1\" data-image-meta=\"{&quot;aperture&quot;:&quot;0&quot;,&quot;credit&quot;:&quot;&quot;,&quot;camera&quot;:&quot;&quot;,&quot;caption&quot;:&quot;&quot;,&quot;created_timestamp&quot;:&quot;0&quot;,&quot;copyright&quot;:&quot;&quot;,&quot;focal_length&quot;:&quot;0&quot;,&quot;iso&quot;:&quot;0&quot;,&quot;shutter_speed&quot;:&quot;0&quot;,&quot;title&quot;:&quot;&quot;,&quot;orientation&quot;:&quot;0&quot;}\" data-image-title=\"Gloria Dixit en Nueva York -Tapa\" data-image-description=\"\" data-image-caption=\"\" data-large-file=\"https:\/\/eldiariodesanpedro.com.ar\/sitio\/wp-content\/uploads\/2019\/11\/Gloria-Dixit-en-Nueva-York-Tapa-677x1024.jpg\" data-src=\"https:\/\/eldiariodesanpedro.com.ar\/sitio\/wp-content\/uploads\/2019\/11\/Gloria-Dixit-en-Nueva-York-Tapa-677x1024.jpg\" alt=\"\" data-id=\"64789\" data-link=\"https:\/\/eldiariodesanpedro.com.ar\/sitio\/?attachment_id=64789\" class=\"wp-image-64789 lazyload\" data-srcset=\"https:\/\/eldiariodesanpedro.com.ar\/sitio\/wp-content\/uploads\/2019\/11\/Gloria-Dixit-en-Nueva-York-Tapa-677x1024.jpg 677w, https:\/\/eldiariodesanpedro.com.ar\/sitio\/wp-content\/uploads\/2019\/11\/Gloria-Dixit-en-Nueva-York-Tapa-198x300.jpg 198w, https:\/\/eldiariodesanpedro.com.ar\/sitio\/wp-content\/uploads\/2019\/11\/Gloria-Dixit-en-Nueva-York-Tapa-768x1162.jpg 768w, https:\/\/eldiariodesanpedro.com.ar\/sitio\/wp-content\/uploads\/2019\/11\/Gloria-Dixit-en-Nueva-York-Tapa.jpg 1753w\" data-sizes=\"(max-width: 677px) 100vw, 677px\" src=\"data:image\/svg+xml;base64,PHN2ZyB3aWR0aD0iMSIgaGVpZ2h0PSIxIiB4bWxucz0iaHR0cDovL3d3dy53My5vcmcvMjAwMC9zdmciPjwvc3ZnPg==\" style=\"--smush-placeholder-width: 677px; --smush-placeholder-aspect-ratio: 677\/1024;\" \/><\/figure><\/li><li class=\"blocks-gallery-item\"><figure><img decoding=\"async\" width=\"669\" height=\"1024\" data-attachment-id=\"64790\" data-permalink=\"https:\/\/eldiariodesanpedro.com.ar\/sitio\/presentacion-de-los-libros-de-jorge-sagrera-en-la-biblioteca\/cuentos-de-ayer-tapa\/\" data-orig-file=\"https:\/\/eldiariodesanpedro.com.ar\/sitio\/wp-content\/uploads\/2019\/11\/Las-eroticas-biblicas-tapa.jpg\" data-orig-size=\"1177,1801\" data-comments-opened=\"1\" data-image-meta=\"{&quot;aperture&quot;:&quot;0&quot;,&quot;credit&quot;:&quot;&quot;,&quot;camera&quot;:&quot;&quot;,&quot;caption&quot;:&quot;cuentos de ayer - tapa&quot;,&quot;created_timestamp&quot;:&quot;1564748327&quot;,&quot;copyright&quot;:&quot;&quot;,&quot;focal_length&quot;:&quot;0&quot;,&quot;iso&quot;:&quot;0&quot;,&quot;shutter_speed&quot;:&quot;0&quot;,&quot;title&quot;:&quot;cuentos de ayer - tapa&quot;,&quot;orientation&quot;:&quot;1&quot;}\" data-image-title=\"cuentos de ayer &amp;#8211; tapa\" data-image-description=\"\" data-image-caption=\"&lt;p&gt;cuentos de ayer &amp;#8211; tapa&lt;\/p&gt;\n\" data-large-file=\"https:\/\/eldiariodesanpedro.com.ar\/sitio\/wp-content\/uploads\/2019\/11\/Las-eroticas-biblicas-tapa-669x1024.jpg\" data-src=\"https:\/\/eldiariodesanpedro.com.ar\/sitio\/wp-content\/uploads\/2019\/11\/Las-eroticas-biblicas-tapa-669x1024.jpg\" alt=\"\" data-id=\"64790\" data-link=\"https:\/\/eldiariodesanpedro.com.ar\/sitio\/?attachment_id=64790\" class=\"wp-image-64790 lazyload\" data-srcset=\"https:\/\/eldiariodesanpedro.com.ar\/sitio\/wp-content\/uploads\/2019\/11\/Las-eroticas-biblicas-tapa-669x1024.jpg 669w, https:\/\/eldiariodesanpedro.com.ar\/sitio\/wp-content\/uploads\/2019\/11\/Las-eroticas-biblicas-tapa-196x300.jpg 196w, https:\/\/eldiariodesanpedro.com.ar\/sitio\/wp-content\/uploads\/2019\/11\/Las-eroticas-biblicas-tapa-768x1175.jpg 768w, https:\/\/eldiariodesanpedro.com.ar\/sitio\/wp-content\/uploads\/2019\/11\/Las-eroticas-biblicas-tapa.jpg 1177w\" data-sizes=\"(max-width: 669px) 100vw, 669px\" src=\"data:image\/svg+xml;base64,PHN2ZyB3aWR0aD0iMSIgaGVpZ2h0PSIxIiB4bWxucz0iaHR0cDovL3d3dy53My5vcmcvMjAwMC9zdmciPjwvc3ZnPg==\" style=\"--smush-placeholder-width: 669px; --smush-placeholder-aspect-ratio: 669\/1024;\" \/><figcaption>cuentos de ayer &#8211; tapa<\/figcaption><\/figure><\/li><li class=\"blocks-gallery-item\"><figure><img decoding=\"async\" width=\"703\" height=\"1024\" data-attachment-id=\"64791\" data-permalink=\"https:\/\/eldiariodesanpedro.com.ar\/sitio\/presentacion-de-los-libros-de-jorge-sagrera-en-la-biblioteca\/oro-incieso-mirra-tapa\/\" data-orig-file=\"https:\/\/eldiariodesanpedro.com.ar\/sitio\/wp-content\/uploads\/2019\/11\/Oro-incieso-mirra-Tapa.jpg\" data-orig-size=\"1378,2008\" data-comments-opened=\"1\" data-image-meta=\"{&quot;aperture&quot;:&quot;0&quot;,&quot;credit&quot;:&quot;&quot;,&quot;camera&quot;:&quot;&quot;,&quot;caption&quot;:&quot;&quot;,&quot;created_timestamp&quot;:&quot;0&quot;,&quot;copyright&quot;:&quot;&quot;,&quot;focal_length&quot;:&quot;0&quot;,&quot;iso&quot;:&quot;0&quot;,&quot;shutter_speed&quot;:&quot;0&quot;,&quot;title&quot;:&quot;&quot;,&quot;orientation&quot;:&quot;0&quot;}\" data-image-title=\"Oro, incieso, mirra Tapa\" data-image-description=\"\" data-image-caption=\"\" data-large-file=\"https:\/\/eldiariodesanpedro.com.ar\/sitio\/wp-content\/uploads\/2019\/11\/Oro-incieso-mirra-Tapa-703x1024.jpg\" data-src=\"https:\/\/eldiariodesanpedro.com.ar\/sitio\/wp-content\/uploads\/2019\/11\/Oro-incieso-mirra-Tapa-703x1024.jpg\" alt=\"\" data-id=\"64791\" data-link=\"https:\/\/eldiariodesanpedro.com.ar\/sitio\/?attachment_id=64791\" class=\"wp-image-64791 lazyload\" data-srcset=\"https:\/\/eldiariodesanpedro.com.ar\/sitio\/wp-content\/uploads\/2019\/11\/Oro-incieso-mirra-Tapa-703x1024.jpg 703w, https:\/\/eldiariodesanpedro.com.ar\/sitio\/wp-content\/uploads\/2019\/11\/Oro-incieso-mirra-Tapa-206x300.jpg 206w, https:\/\/eldiariodesanpedro.com.ar\/sitio\/wp-content\/uploads\/2019\/11\/Oro-incieso-mirra-Tapa-768x1119.jpg 768w, https:\/\/eldiariodesanpedro.com.ar\/sitio\/wp-content\/uploads\/2019\/11\/Oro-incieso-mirra-Tapa.jpg 1378w\" data-sizes=\"(max-width: 703px) 100vw, 703px\" src=\"data:image\/svg+xml;base64,PHN2ZyB3aWR0aD0iMSIgaGVpZ2h0PSIxIiB4bWxucz0iaHR0cDovL3d3dy53My5vcmcvMjAwMC9zdmciPjwvc3ZnPg==\" style=\"--smush-placeholder-width: 703px; --smush-placeholder-aspect-ratio: 703\/1024;\" \/><\/figure><\/li><li class=\"blocks-gallery-item\"><figure><img decoding=\"async\" width=\"380\" height=\"214\" data-attachment-id=\"64792\" data-permalink=\"https:\/\/eldiariodesanpedro.com.ar\/sitio\/presentacion-de-los-libros-de-jorge-sagrera-en-la-biblioteca\/tapa-libro-de-frases\/\" data-orig-file=\"https:\/\/eldiariodesanpedro.com.ar\/sitio\/wp-content\/uploads\/2019\/11\/Tapa-libro-de-frases.jpg\" data-orig-size=\"380,214\" data-comments-opened=\"1\" data-image-meta=\"{&quot;aperture&quot;:&quot;0&quot;,&quot;credit&quot;:&quot;&quot;,&quot;camera&quot;:&quot;&quot;,&quot;caption&quot;:&quot;&quot;,&quot;created_timestamp&quot;:&quot;0&quot;,&quot;copyright&quot;:&quot;&quot;,&quot;focal_length&quot;:&quot;0&quot;,&quot;iso&quot;:&quot;0&quot;,&quot;shutter_speed&quot;:&quot;0&quot;,&quot;title&quot;:&quot;&quot;,&quot;orientation&quot;:&quot;0&quot;}\" data-image-title=\"Tapa libro de frases\" data-image-description=\"\" data-image-caption=\"\" data-large-file=\"https:\/\/eldiariodesanpedro.com.ar\/sitio\/wp-content\/uploads\/2019\/11\/Tapa-libro-de-frases.jpg\" data-src=\"https:\/\/eldiariodesanpedro.com.ar\/sitio\/wp-content\/uploads\/2019\/11\/Tapa-libro-de-frases.jpg\" alt=\"\" data-id=\"64792\" data-link=\"https:\/\/eldiariodesanpedro.com.ar\/sitio\/?attachment_id=64792\" class=\"wp-image-64792 lazyload\" data-srcset=\"https:\/\/eldiariodesanpedro.com.ar\/sitio\/wp-content\/uploads\/2019\/11\/Tapa-libro-de-frases.jpg 380w, https:\/\/eldiariodesanpedro.com.ar\/sitio\/wp-content\/uploads\/2019\/11\/Tapa-libro-de-frases-300x169.jpg 300w\" data-sizes=\"(max-width: 380px) 100vw, 380px\" src=\"data:image\/svg+xml;base64,PHN2ZyB3aWR0aD0iMSIgaGVpZ2h0PSIxIiB4bWxucz0iaHR0cDovL3d3dy53My5vcmcvMjAwMC9zdmciPjwvc3ZnPg==\" style=\"--smush-placeholder-width: 380px; --smush-placeholder-aspect-ratio: 380\/214;\" \/><\/figure><\/li><li class=\"blocks-gallery-item\"><figure><img decoding=\"async\" width=\"610\" height=\"1024\" data-attachment-id=\"64793\" data-permalink=\"https:\/\/eldiariodesanpedro.com.ar\/sitio\/presentacion-de-los-libros-de-jorge-sagrera-en-la-biblioteca\/tresmi_3\/\" data-orig-file=\"https:\/\/eldiariodesanpedro.com.ar\/sitio\/wp-content\/uploads\/2019\/11\/TRESMI_3.jpg\" data-orig-size=\"1318,2213\" data-comments-opened=\"1\" data-image-meta=\"{&quot;aperture&quot;:&quot;0&quot;,&quot;credit&quot;:&quot;&quot;,&quot;camera&quot;:&quot;&quot;,&quot;caption&quot;:&quot;&quot;,&quot;created_timestamp&quot;:&quot;0&quot;,&quot;copyright&quot;:&quot;&quot;,&quot;focal_length&quot;:&quot;0&quot;,&quot;iso&quot;:&quot;0&quot;,&quot;shutter_speed&quot;:&quot;0&quot;,&quot;title&quot;:&quot;&quot;,&quot;orientation&quot;:&quot;0&quot;}\" data-image-title=\"TRESMI_3\" data-image-description=\"\" data-image-caption=\"\" data-large-file=\"https:\/\/eldiariodesanpedro.com.ar\/sitio\/wp-content\/uploads\/2019\/11\/TRESMI_3-610x1024.jpg\" data-src=\"https:\/\/eldiariodesanpedro.com.ar\/sitio\/wp-content\/uploads\/2019\/11\/TRESMI_3-610x1024.jpg\" alt=\"\" data-id=\"64793\" data-link=\"https:\/\/eldiariodesanpedro.com.ar\/sitio\/?attachment_id=64793\" class=\"wp-image-64793 lazyload\" data-srcset=\"https:\/\/eldiariodesanpedro.com.ar\/sitio\/wp-content\/uploads\/2019\/11\/TRESMI_3-610x1024.jpg 610w, https:\/\/eldiariodesanpedro.com.ar\/sitio\/wp-content\/uploads\/2019\/11\/TRESMI_3-179x300.jpg 179w, https:\/\/eldiariodesanpedro.com.ar\/sitio\/wp-content\/uploads\/2019\/11\/TRESMI_3-768x1290.jpg 768w, https:\/\/eldiariodesanpedro.com.ar\/sitio\/wp-content\/uploads\/2019\/11\/TRESMI_3.jpg 1318w\" data-sizes=\"(max-width: 610px) 100vw, 610px\" src=\"data:image\/svg+xml;base64,PHN2ZyB3aWR0aD0iMSIgaGVpZ2h0PSIxIiB4bWxucz0iaHR0cDovL3d3dy53My5vcmcvMjAwMC9zdmciPjwvc3ZnPg==\" style=\"--smush-placeholder-width: 610px; --smush-placeholder-aspect-ratio: 610\/1024;\" \/><\/figure><\/li><li class=\"blocks-gallery-item\"><figure><img decoding=\"async\" width=\"703\" height=\"1024\" data-attachment-id=\"64794\" data-permalink=\"https:\/\/eldiariodesanpedro.com.ar\/sitio\/presentacion-de-los-libros-de-jorge-sagrera-en-la-biblioteca\/cuentos-de-ayer-tapa-2\/\" data-orig-file=\"https:\/\/eldiariodesanpedro.com.ar\/sitio\/wp-content\/uploads\/2019\/11\/Un-saltamones-tapa.jpg\" data-orig-size=\"1245,1813\" data-comments-opened=\"1\" data-image-meta=\"{&quot;aperture&quot;:&quot;0&quot;,&quot;credit&quot;:&quot;&quot;,&quot;camera&quot;:&quot;&quot;,&quot;caption&quot;:&quot;cuentos de ayer - tapa&quot;,&quot;created_timestamp&quot;:&quot;1564509119&quot;,&quot;copyright&quot;:&quot;&quot;,&quot;focal_length&quot;:&quot;0&quot;,&quot;iso&quot;:&quot;0&quot;,&quot;shutter_speed&quot;:&quot;0&quot;,&quot;title&quot;:&quot;cuentos de ayer - tapa&quot;,&quot;orientation&quot;:&quot;1&quot;}\" data-image-title=\"cuentos de ayer &amp;#8211; tapa\" data-image-description=\"\" data-image-caption=\"&lt;p&gt;cuentos de ayer &amp;#8211; tapa&lt;\/p&gt;\n\" data-large-file=\"https:\/\/eldiariodesanpedro.com.ar\/sitio\/wp-content\/uploads\/2019\/11\/Un-saltamones-tapa-703x1024.jpg\" data-src=\"https:\/\/eldiariodesanpedro.com.ar\/sitio\/wp-content\/uploads\/2019\/11\/Un-saltamones-tapa-703x1024.jpg\" alt=\"\" data-id=\"64794\" data-link=\"https:\/\/eldiariodesanpedro.com.ar\/sitio\/?attachment_id=64794\" class=\"wp-image-64794 lazyload\" data-srcset=\"https:\/\/eldiariodesanpedro.com.ar\/sitio\/wp-content\/uploads\/2019\/11\/Un-saltamones-tapa-703x1024.jpg 703w, https:\/\/eldiariodesanpedro.com.ar\/sitio\/wp-content\/uploads\/2019\/11\/Un-saltamones-tapa-206x300.jpg 206w, https:\/\/eldiariodesanpedro.com.ar\/sitio\/wp-content\/uploads\/2019\/11\/Un-saltamones-tapa-768x1118.jpg 768w, https:\/\/eldiariodesanpedro.com.ar\/sitio\/wp-content\/uploads\/2019\/11\/Un-saltamones-tapa.jpg 1245w\" data-sizes=\"(max-width: 703px) 100vw, 703px\" src=\"data:image\/svg+xml;base64,PHN2ZyB3aWR0aD0iMSIgaGVpZ2h0PSIxIiB4bWxucz0iaHR0cDovL3d3dy53My5vcmcvMjAwMC9zdmciPjwvc3ZnPg==\" style=\"--smush-placeholder-width: 703px; --smush-placeholder-aspect-ratio: 703\/1024;\" \/><figcaption>cuentos de ayer &#8211; tapa<\/figcaption><\/figure><\/li><li class=\"blocks-gallery-item\"><figure><img decoding=\"async\" width=\"688\" height=\"1024\" data-attachment-id=\"64795\" data-permalink=\"https:\/\/eldiariodesanpedro.com.ar\/sitio\/presentacion-de-los-libros-de-jorge-sagrera-en-la-biblioteca\/cuentos-de-ayer-tapa-3\/\" data-orig-file=\"https:\/\/eldiariodesanpedro.com.ar\/sitio\/wp-content\/uploads\/2019\/11\/Vida-de-una-nube-Tapa.jpg\" data-orig-size=\"1193,1775\" data-comments-opened=\"1\" data-image-meta=\"{&quot;aperture&quot;:&quot;0&quot;,&quot;credit&quot;:&quot;&quot;,&quot;camera&quot;:&quot;&quot;,&quot;caption&quot;:&quot;cuentos de ayer - tapa&quot;,&quot;created_timestamp&quot;:&quot;1564396788&quot;,&quot;copyright&quot;:&quot;&quot;,&quot;focal_length&quot;:&quot;0&quot;,&quot;iso&quot;:&quot;0&quot;,&quot;shutter_speed&quot;:&quot;0&quot;,&quot;title&quot;:&quot;cuentos de ayer - tapa&quot;,&quot;orientation&quot;:&quot;1&quot;}\" data-image-title=\"cuentos de ayer &amp;#8211; tapa\" data-image-description=\"\" data-image-caption=\"&lt;p&gt;cuentos de ayer &amp;#8211; tapa&lt;\/p&gt;\n\" data-large-file=\"https:\/\/eldiariodesanpedro.com.ar\/sitio\/wp-content\/uploads\/2019\/11\/Vida-de-una-nube-Tapa-688x1024.jpg\" data-src=\"https:\/\/eldiariodesanpedro.com.ar\/sitio\/wp-content\/uploads\/2019\/11\/Vida-de-una-nube-Tapa-688x1024.jpg\" alt=\"\" data-id=\"64795\" data-link=\"https:\/\/eldiariodesanpedro.com.ar\/sitio\/?attachment_id=64795\" class=\"wp-image-64795 lazyload\" data-srcset=\"https:\/\/eldiariodesanpedro.com.ar\/sitio\/wp-content\/uploads\/2019\/11\/Vida-de-una-nube-Tapa-688x1024.jpg 688w, https:\/\/eldiariodesanpedro.com.ar\/sitio\/wp-content\/uploads\/2019\/11\/Vida-de-una-nube-Tapa-202x300.jpg 202w, https:\/\/eldiariodesanpedro.com.ar\/sitio\/wp-content\/uploads\/2019\/11\/Vida-de-una-nube-Tapa-768x1143.jpg 768w, https:\/\/eldiariodesanpedro.com.ar\/sitio\/wp-content\/uploads\/2019\/11\/Vida-de-una-nube-Tapa.jpg 1193w\" data-sizes=\"(max-width: 688px) 100vw, 688px\" src=\"data:image\/svg+xml;base64,PHN2ZyB3aWR0aD0iMSIgaGVpZ2h0PSIxIiB4bWxucz0iaHR0cDovL3d3dy53My5vcmcvMjAwMC9zdmciPjwvc3ZnPg==\" style=\"--smush-placeholder-width: 688px; --smush-placeholder-aspect-ratio: 688\/1024;\" \/><figcaption>cuentos de ayer &#8211; tapa<\/figcaption><\/figure><\/li><\/ul>\n","protected":false},"excerpt":{"rendered":"<p>Jorge Sagrera presentar\u00e1 sus \u00faltimos ocho libros publicados, la misma se llevar\u00e1 a cabo el viernes 29 de noviembre, a las 19.30, en la Biblioteca popular Rafael Obligado, de San Pedro. Actuar\u00e1 el d\u00fao Eiti Leda, integrado por Lorena Barril y Edgar Pignat. La entrada es libre y gratuita. Estos son comentarios al libro de [&hellip;]<\/p>\n","protected":false},"author":4,"featured_media":64793,"comment_status":"open","ping_status":"closed","sticky":false,"template":"","format":"standard","meta":{"om_disable_all_campaigns":false,"_jetpack_memberships_contains_paid_content":false,"footnotes":""},"categories":[101,2],"tags":[],"class_list":["post-64786","post","type-post","status-publish","format-standard","has-post-thumbnail","hentry","category-interes-general-locales","category-locales"],"aioseo_notices":[],"gutentor_comment":0,"jetpack_featured_media_url":"https:\/\/eldiariodesanpedro.com.ar\/sitio\/wp-content\/uploads\/2019\/11\/TRESMI_3.jpg","jetpack_shortlink":"https:\/\/wp.me\/p6RhLt-gQW","jetpack_sharing_enabled":true,"_links":{"self":[{"href":"https:\/\/eldiariodesanpedro.com.ar\/sitio\/wp-json\/wp\/v2\/posts\/64786","targetHints":{"allow":["GET"]}}],"collection":[{"href":"https:\/\/eldiariodesanpedro.com.ar\/sitio\/wp-json\/wp\/v2\/posts"}],"about":[{"href":"https:\/\/eldiariodesanpedro.com.ar\/sitio\/wp-json\/wp\/v2\/types\/post"}],"author":[{"embeddable":true,"href":"https:\/\/eldiariodesanpedro.com.ar\/sitio\/wp-json\/wp\/v2\/users\/4"}],"replies":[{"embeddable":true,"href":"https:\/\/eldiariodesanpedro.com.ar\/sitio\/wp-json\/wp\/v2\/comments?post=64786"}],"version-history":[{"count":2,"href":"https:\/\/eldiariodesanpedro.com.ar\/sitio\/wp-json\/wp\/v2\/posts\/64786\/revisions"}],"predecessor-version":[{"id":64802,"href":"https:\/\/eldiariodesanpedro.com.ar\/sitio\/wp-json\/wp\/v2\/posts\/64786\/revisions\/64802"}],"wp:featuredmedia":[{"embeddable":true,"href":"https:\/\/eldiariodesanpedro.com.ar\/sitio\/wp-json\/wp\/v2\/media\/64793"}],"wp:attachment":[{"href":"https:\/\/eldiariodesanpedro.com.ar\/sitio\/wp-json\/wp\/v2\/media?parent=64786"}],"wp:term":[{"taxonomy":"category","embeddable":true,"href":"https:\/\/eldiariodesanpedro.com.ar\/sitio\/wp-json\/wp\/v2\/categories?post=64786"},{"taxonomy":"post_tag","embeddable":true,"href":"https:\/\/eldiariodesanpedro.com.ar\/sitio\/wp-json\/wp\/v2\/tags?post=64786"}],"curies":[{"name":"wp","href":"https:\/\/api.w.org\/{rel}","templated":true}]}}