{"id":64760,"date":"2019-11-28T12:05:41","date_gmt":"2019-11-28T15:05:41","guid":{"rendered":"https:\/\/eldiariodesanpedro.com.ar\/sitio\/?p=64760"},"modified":"2019-11-28T12:05:48","modified_gmt":"2019-11-28T15:05:48","slug":"hcd-banca-abierta-estamos-cansados-de-un-estado-monstruo-y-devorador-sostenido-por-el-pago-de-impuestos-y-de-tasas","status":"publish","type":"post","link":"https:\/\/eldiariodesanpedro.com.ar\/sitio\/hcd-banca-abierta-estamos-cansados-de-un-estado-monstruo-y-devorador-sostenido-por-el-pago-de-impuestos-y-de-tasas\/","title":{"rendered":"HCD &#8211; Banca Abierta: \u00abEstamos cansados de un estado monstruo y devorador sostenido por el pago de impuestos y de tasas\u00bb"},"content":{"rendered":"<!-- VideographyWP Plugin Message: Automatic video embedding prevented by plugin options. -->\n\n<p> Molestos con las dietas de los funcionarios municipales, un grupo de  vecinos hicieron uso  del espacio legislativo que les corresponde para solicitar que se revisen los sueldos que tuvo como eje la desigualdad de salarios en el distrito. <\/p>\n\n\n\n<p><strong>Hecho Hist\u00f3rico<\/strong><\/p>\n\n\n\n<p>Por la ma\u00f1ana de este jueves,  los integrantes del grupo La Vecindad utilizaron los diez minutos que le pertenecen a los vecinos para \u201crepudiar los exorbitantes sueldos de los concejales\u201d.  <\/p>\n\n\n\n<p>\u00abCreo que tiene un pensamiento demasiado estrecho y discriminatorio al pensar que nosotros fuimos convocados por un medio de prensa o por el Centro de Comercio\u00bb, comenz\u00f3 su discurso con los tacos de punta Liliana Montero, vocera del grupo y agreg\u00f3, \u00abgracias a Dios somos mentes libres e  independientes que podemos pensar y tomar nuestras propias decisiones\u00bb<\/p>\n\n\n\n<p>\u00abPercibimos con gente que nos encontramos por la calle, incluso con algunos miembros del concejo que hay un enojo con esta propuesta que es completamente la de reducir gastos del concejo y especialmente bajar la dieta de los mismos, entiendo que defiendan sus intereses pero nosotros tambi\u00e9n defendemos los nuestros, estamos agobiados de  pagar tasas e impuestos. lo que nos llevo a esto fue precisamente la carta del Sr Pablo Roca que han le\u00eddo, y nos fuimos sumando a esa idea\u00bb<\/p>\n\n\n\n<p>\u00abEstamos cansados de un estado monstruo y devorador sostenido por el pago de impuestos y de tasas, que por cierto pagamos la luz mas cara por tener cooperativa\u00bb<\/p>\n\n\n\n<p>Liliana tambi\u00e9n presento una estad\u00edstica tomada desde enero del 2005 hasta enero del 2019, \u00ablas Tasas de ABL aumentaron 50 veces, la luz aument\u00f3 casi 26 veces, la estad\u00edstica del dolar se sumaria en base a esto que es 26 veces mayor\u00bb<\/p>\n\n\n\n<p>\u00abAc\u00e1 tendr\u00eda que ser un honor trabajar para la comunidad, pero muchas veces se sacan los ojos por ocupar en un cargo pol\u00edtico, para su jubilaci\u00f3n, pero lo m\u00e1s alarmante es la incapacidad de beneficencia en la gesti\u00f3n, nunca vamos a crecer si no hay un esfuerzo parejo, no queremos un enfrentamiento, aclaro,  pero queremos generar un efecto en otros poderes, hablamos ac\u00e1 porque es lo mas cerca, pero aspiramos a que el poder ejecutivo, legislativo, nacional pudiera tener una reducci\u00f3n de sus gastos para poder hacer una distribuci\u00f3n mas equitativa\u00bb.<\/p>\n\n\n\n<p>\u00abConcretamente nuestra propuesta es: como ciudadanos exigimos mas trabajo y  producci\u00f3n en beneficio de todo San Pedro dejando de lado los ego\u00edsmos partidarios, hay que ser mas generosos, ademas  proponemos la reducci\u00f3n de los gastos del concejo deliberante y la reducci\u00f3n de la dieta de los concejales a la mitad de 3,5 o como m\u00e1ximo dos veces el sueldo b\u00e1sico de la categor\u00eda inferior establecida en el decreto ley 6769 del 58\u00bb.<\/p>\n\n\n\n<p>La presidenta del HCD, Monica Otero, contest\u00f3: \u00abNo tenemos intereses particulares, trabajamos para la comunidad, no estamos haciendo nada que la ley no nos permita, pero todas estas inquietudes van a estar a consideraci\u00f3n del cuerpo, somos un \u00f3rgano de la Constituci\u00f3n\u00bb<\/p>\n\n\n\n<p>M\u00e1s de 600 firmas se juntaron con la idea de pedirles a los concejales que se bajen las dietas de 114 mil pesos por mes que informaron en el anteproyecto de presupuesto para 2020.<\/p>\n\n\n\n<p>En tiempo r\u00e9cord, los ediles sampedrinos aprobaron al anteproyecto del presupuesto durante la \u00faltima sesi\u00f3n de septiembre que arroj\u00f3 un ascendente gasto de casi 40 millones de pesos, que entre cuentas arrojar\u00eda un salario mensual de 114 mil pesos por cada edil.<\/p>\n","protected":false},"excerpt":{"rendered":"<p>Molestos con las dietas de los funcionarios municipales, un grupo de vecinos hicieron uso del espacio legislativo que les corresponde para solicitar que se revisen los sueldos que tuvo como eje la desigualdad de salarios en el distrito. Hecho Hist\u00f3rico Por la ma\u00f1ana de este jueves, los integrantes del grupo La Vecindad utilizaron los diez [&hellip;]<\/p>\n","protected":false},"author":4,"featured_media":64767,"comment_status":"open","ping_status":"closed","sticky":false,"template":"","format":"standard","meta":{"om_disable_all_campaigns":false,"_jetpack_memberships_contains_paid_content":false,"footnotes":""},"categories":[50,2,102],"tags":[],"class_list":["post-64760","post","type-post","status-publish","format-standard","has-post-thumbnail","hentry","category-destacadas","category-locales","category-politica-locales"],"aioseo_notices":[],"gutentor_comment":1,"jetpack_featured_media_url":"https:\/\/eldiariodesanpedro.com.ar\/sitio\/wp-content\/uploads\/2019\/11\/DSC_0007_3-e1574951847291.jpg","jetpack_shortlink":"https:\/\/wp.me\/p6RhLt-gQw","jetpack_sharing_enabled":true,"_links":{"self":[{"href":"https:\/\/eldiariodesanpedro.com.ar\/sitio\/wp-json\/wp\/v2\/posts\/64760","targetHints":{"allow":["GET"]}}],"collection":[{"href":"https:\/\/eldiariodesanpedro.com.ar\/sitio\/wp-json\/wp\/v2\/posts"}],"about":[{"href":"https:\/\/eldiariodesanpedro.com.ar\/sitio\/wp-json\/wp\/v2\/types\/post"}],"author":[{"embeddable":true,"href":"https:\/\/eldiariodesanpedro.com.ar\/sitio\/wp-json\/wp\/v2\/users\/4"}],"replies":[{"embeddable":true,"href":"https:\/\/eldiariodesanpedro.com.ar\/sitio\/wp-json\/wp\/v2\/comments?post=64760"}],"version-history":[{"count":1,"href":"https:\/\/eldiariodesanpedro.com.ar\/sitio\/wp-json\/wp\/v2\/posts\/64760\/revisions"}],"predecessor-version":[{"id":64785,"href":"https:\/\/eldiariodesanpedro.com.ar\/sitio\/wp-json\/wp\/v2\/posts\/64760\/revisions\/64785"}],"wp:featuredmedia":[{"embeddable":true,"href":"https:\/\/eldiariodesanpedro.com.ar\/sitio\/wp-json\/wp\/v2\/media\/64767"}],"wp:attachment":[{"href":"https:\/\/eldiariodesanpedro.com.ar\/sitio\/wp-json\/wp\/v2\/media?parent=64760"}],"wp:term":[{"taxonomy":"category","embeddable":true,"href":"https:\/\/eldiariodesanpedro.com.ar\/sitio\/wp-json\/wp\/v2\/categories?post=64760"},{"taxonomy":"post_tag","embeddable":true,"href":"https:\/\/eldiariodesanpedro.com.ar\/sitio\/wp-json\/wp\/v2\/tags?post=64760"}],"curies":[{"name":"wp","href":"https:\/\/api.w.org\/{rel}","templated":true}]}}