{"id":64746,"date":"2019-11-28T09:59:04","date_gmt":"2019-11-28T12:59:04","guid":{"rendered":"https:\/\/eldiariodesanpedro.com.ar\/sitio\/?p=64746"},"modified":"2019-11-28T09:59:09","modified_gmt":"2019-11-28T12:59:09","slug":"zarate-otra-entradera-en-el-centro-zarateno","status":"publish","type":"post","link":"https:\/\/eldiariodesanpedro.com.ar\/sitio\/zarate-otra-entradera-en-el-centro-zarateno\/","title":{"rendered":"Z\u00c1RATE | Otra \u00abentradera\u00bb en el centro zarate\u00f1o"},"content":{"rendered":"<!-- VideographyWP Plugin Message: Automatic video embedding prevented by plugin options. -->\n\n<p>En la noche de este mi\u00e9rcoles, personal policial recibi\u00f3 el alerta sobre un robo cometido en una vivienda de la calle Alem al 600.<\/p>\n\n\n\n<p>Apersonados en el lugar, el propietario, ex Intendente zarate\u00f1o, manifest\u00f3 que hab\u00eda salido de la vivienda y al regresar escuch\u00f3 ruidos, como que alguien escapaba.<\/p>\n\n\n\n<p>En el lugar encontr\u00f3 todo revuelto en clara se\u00f1al que hab\u00edan revisado el domicilio. No pudo confirmar ning\u00fan faltante y no quiso realizar la denuncia.<\/p>\n\n\n\n<p>De oficio, la fuerza policial inform\u00f3 a la UFI N\u00ba 7 de la Departamental Z\u00e1rate &#8211; Campana.<\/p>\n\n\n\n<p>El o los delincuentes, habr\u00edan ingresado por una ventana trasera de la casa.<\/p>\n\n\n\n<p>Este martes, se hab\u00eda registrado un hecho similar en una vivienda de Suipacha al 700, donde tras maniatar a un anciano de 90 a\u00f1os, robaron una importante suma de dinero.<\/p>\n\n\n\n<p>Fuente: <a href=\"http:\/\/www.enlacecritico.com\/destacados\/otra-entradera-en-el-centro-zarateno\/\">Enlace Critico<\/a><\/p>\n","protected":false},"excerpt":{"rendered":"<p>En la noche de este mi\u00e9rcoles, personal policial recibi\u00f3 el alerta sobre un robo cometido en una vivienda de la calle Alem al 600. Apersonados en el lugar, el propietario, ex Intendente zarate\u00f1o, manifest\u00f3 que hab\u00eda salido de la vivienda y al regresar escuch\u00f3 ruidos, como que alguien escapaba. En el lugar encontr\u00f3 todo revuelto [&hellip;]<\/p>\n","protected":false},"author":4,"featured_media":64749,"comment_status":"open","ping_status":"closed","sticky":false,"template":"","format":"standard","meta":{"om_disable_all_campaigns":false,"_jetpack_memberships_contains_paid_content":false,"footnotes":""},"categories":[621],"tags":[],"class_list":["post-64746","post","type-post","status-publish","format-standard","has-post-thumbnail","hentry","category-regionales"],"aioseo_notices":[],"gutentor_comment":0,"jetpack_featured_media_url":"https:\/\/eldiariodesanpedro.com.ar\/sitio\/wp-content\/uploads\/2019\/11\/63ba74e7-6b6f-4263-b935-1ae3495c112a_657x400.jpg","jetpack_shortlink":"https:\/\/wp.me\/p6RhLt-gQi","jetpack_sharing_enabled":true,"_links":{"self":[{"href":"https:\/\/eldiariodesanpedro.com.ar\/sitio\/wp-json\/wp\/v2\/posts\/64746","targetHints":{"allow":["GET"]}}],"collection":[{"href":"https:\/\/eldiariodesanpedro.com.ar\/sitio\/wp-json\/wp\/v2\/posts"}],"about":[{"href":"https:\/\/eldiariodesanpedro.com.ar\/sitio\/wp-json\/wp\/v2\/types\/post"}],"author":[{"embeddable":true,"href":"https:\/\/eldiariodesanpedro.com.ar\/sitio\/wp-json\/wp\/v2\/users\/4"}],"replies":[{"embeddable":true,"href":"https:\/\/eldiariodesanpedro.com.ar\/sitio\/wp-json\/wp\/v2\/comments?post=64746"}],"version-history":[{"count":1,"href":"https:\/\/eldiariodesanpedro.com.ar\/sitio\/wp-json\/wp\/v2\/posts\/64746\/revisions"}],"predecessor-version":[{"id":64750,"href":"https:\/\/eldiariodesanpedro.com.ar\/sitio\/wp-json\/wp\/v2\/posts\/64746\/revisions\/64750"}],"wp:featuredmedia":[{"embeddable":true,"href":"https:\/\/eldiariodesanpedro.com.ar\/sitio\/wp-json\/wp\/v2\/media\/64749"}],"wp:attachment":[{"href":"https:\/\/eldiariodesanpedro.com.ar\/sitio\/wp-json\/wp\/v2\/media?parent=64746"}],"wp:term":[{"taxonomy":"category","embeddable":true,"href":"https:\/\/eldiariodesanpedro.com.ar\/sitio\/wp-json\/wp\/v2\/categories?post=64746"},{"taxonomy":"post_tag","embeddable":true,"href":"https:\/\/eldiariodesanpedro.com.ar\/sitio\/wp-json\/wp\/v2\/tags?post=64746"}],"curies":[{"name":"wp","href":"https:\/\/api.w.org\/{rel}","templated":true}]}}