{"id":64742,"date":"2019-11-28T09:55:35","date_gmt":"2019-11-28T12:55:35","guid":{"rendered":"https:\/\/eldiariodesanpedro.com.ar\/sitio\/?p=64742"},"modified":"2019-11-28T09:55:42","modified_gmt":"2019-11-28T12:55:42","slug":"campana-remisero-campanense-atropello-a-un-policia-comunal-y-huyo-de-la-escena","status":"publish","type":"post","link":"https:\/\/eldiariodesanpedro.com.ar\/sitio\/campana-remisero-campanense-atropello-a-un-policia-comunal-y-huyo-de-la-escena\/","title":{"rendered":"CAMPANA | Remisero campanense atropell\u00f3 a un polic\u00eda comunal y huy\u00f3 de la escena"},"content":{"rendered":"<!-- VideographyWP Plugin Message: Automatic video embedding prevented by plugin options. -->\n\n<p> Ocurri\u00f3 frente a las Torres Catalinas\u00a0en la Ciudad Aut\u00f3noma de Buenos Aires, cuando el veh\u00edculo, despu\u00e9s de ser detenido por la autoridad, se rehus\u00f3 primero a entregar documentaci\u00f3n, y acab\u00f3 huyendo del lugar, atropellando a un oficial en el proceso.<\/p>\n\n\n\n<figure class=\"wp-block-embed-youtube wp-block-embed is-type-video is-provider-youtube wp-embed-aspect-16-9 wp-has-aspect-ratio\"><div class=\"wp-block-embed__wrapper\">\n<iframe  style=\"display: block; margin: 0px auto;\"  id=\"_ytid_43046\"  width=\"640\" height=\"360\"  data-origwidth=\"640\" data-origheight=\"360\" src=\"https:\/\/www.youtube.com\/embed\/QRKBCEXj8yY?enablejsapi=1&#038;autoplay=0&#038;cc_load_policy=0&#038;cc_lang_pref=&#038;iv_load_policy=1&#038;loop=0&#038;rel=1&#038;fs=1&#038;playsinline=0&#038;autohide=2&#038;theme=dark&#038;color=red&#038;controls=1&#038;disablekb=0&#038;\" class=\"__youtube_prefs__  epyt-is-override  no-lazyload\" title=\"YouTube player\"  allow=\"fullscreen; accelerometer; autoplay; clipboard-write; encrypted-media; gyroscope; picture-in-picture; web-share\" referrerpolicy=\"strict-origin-when-cross-origin\" allowfullscreen data-no-lazy=\"1\" data-skipgform_ajax_framebjll=\"\"><\/iframe>\n<\/div><\/figure>\n\n\n\n<p>\n\nSe tom\u00f3 conocimiento de este siniestro a partir de un video viral que muestra c\u00f3mo, durante la tarde de la jornada de ayer, un Oficial Primero perteneciente a la Comisar\u00eda Vecinal 4C, operando como seguridad complementaria en las Torres Catalinas cerca del cruce de Alem y Della Paolera, se acerc\u00f3 al veh\u00edculo modelo Peugeot 408 al parecer por encontrarse mal estacionado.<\/p>\n\n\n\n<p>Al solicitar este agente al conductor que retire el veh\u00edculo, adem\u00e1s de entregar la documentaci\u00f3n correspondiente, \u00e9ste \u00faltimo, perteneciente a una remiser\u00eda de Campana, se rehus\u00f3 a cooperar, resultando en una confrontaci\u00f3n.<\/p>\n\n\n\n<p>Ante esta actitud, el polic\u00eda se posicion\u00f3 frente al autom\u00f3vil, en una b\u00fasqueda in\u00fatil de impedir que \u00e9ste se retire. \u00ab\u00a1Bajate del auto!\u00bb se oye repetidamente en el video. A pesar de la orden, el remisero dio arranque al veh\u00edculo, atropellando al polic\u00eda a quien se le cay\u00f3 el arma reglamentaria cuando viajaba en el capot del auto, unos metros mas adelante el oficial cay\u00f3 sobre la calle y el Peugeot se da la fuga.<\/p>\n\n\n\n<p>El oficial fue derivado al Hospital Rivadavia, del que fue dado de alta m\u00e1s tarde con un diagn\u00f3stico de politraumatismo.<\/p>\n\n\n\n<p>Como resultado del siniestro, se labraron actuaciones por \u201cAtentado y Resistencia a la Autoridad\u201d, con intervenci\u00f3n de la Fiscalia Penal Contravencional y de Faltas N\u00b0 13, a cargo de la Dra. Scagna, donde se encuentra el expediente al d\u00eda de hoy. <\/p>\n\n\n\n<p>Fuente: <a href=\"https:\/\/www.campananoticias.com\/noticia\/58179\/remisero-campanense-atropell-a-un-polica-comunal-y-huy-de-la-escena\">Campana Noticias<\/a><\/p>\n","protected":false},"excerpt":{"rendered":"<p>Ocurri\u00f3 frente a las Torres Catalinas\u00a0en la Ciudad Aut\u00f3noma de Buenos Aires, cuando el veh\u00edculo, despu\u00e9s de ser detenido por la autoridad, se rehus\u00f3 primero a entregar documentaci\u00f3n, y acab\u00f3 huyendo del lugar, atropellando a un oficial en el proceso. Se tom\u00f3 conocimiento de este siniestro a partir de un video viral que muestra c\u00f3mo, [&hellip;]<\/p>\n","protected":false},"author":4,"featured_media":64743,"comment_status":"open","ping_status":"closed","sticky":false,"template":"","format":"standard","meta":{"om_disable_all_campaigns":false,"_jetpack_memberships_contains_paid_content":false,"footnotes":""},"categories":[621],"tags":[],"class_list":["post-64742","post","type-post","status-publish","format-standard","has-post-thumbnail","hentry","category-regionales"],"aioseo_notices":[],"gutentor_comment":0,"jetpack_featured_media_url":"https:\/\/eldiariodesanpedro.com.ar\/sitio\/wp-content\/uploads\/2019\/11\/WhatsApp-Image-2019-11-28-at-09.55.00.jpeg","jetpack_shortlink":"https:\/\/wp.me\/p6RhLt-gQe","jetpack_sharing_enabled":true,"_links":{"self":[{"href":"https:\/\/eldiariodesanpedro.com.ar\/sitio\/wp-json\/wp\/v2\/posts\/64742","targetHints":{"allow":["GET"]}}],"collection":[{"href":"https:\/\/eldiariodesanpedro.com.ar\/sitio\/wp-json\/wp\/v2\/posts"}],"about":[{"href":"https:\/\/eldiariodesanpedro.com.ar\/sitio\/wp-json\/wp\/v2\/types\/post"}],"author":[{"embeddable":true,"href":"https:\/\/eldiariodesanpedro.com.ar\/sitio\/wp-json\/wp\/v2\/users\/4"}],"replies":[{"embeddable":true,"href":"https:\/\/eldiariodesanpedro.com.ar\/sitio\/wp-json\/wp\/v2\/comments?post=64742"}],"version-history":[{"count":1,"href":"https:\/\/eldiariodesanpedro.com.ar\/sitio\/wp-json\/wp\/v2\/posts\/64742\/revisions"}],"predecessor-version":[{"id":64744,"href":"https:\/\/eldiariodesanpedro.com.ar\/sitio\/wp-json\/wp\/v2\/posts\/64742\/revisions\/64744"}],"wp:featuredmedia":[{"embeddable":true,"href":"https:\/\/eldiariodesanpedro.com.ar\/sitio\/wp-json\/wp\/v2\/media\/64743"}],"wp:attachment":[{"href":"https:\/\/eldiariodesanpedro.com.ar\/sitio\/wp-json\/wp\/v2\/media?parent=64742"}],"wp:term":[{"taxonomy":"category","embeddable":true,"href":"https:\/\/eldiariodesanpedro.com.ar\/sitio\/wp-json\/wp\/v2\/categories?post=64742"},{"taxonomy":"post_tag","embeddable":true,"href":"https:\/\/eldiariodesanpedro.com.ar\/sitio\/wp-json\/wp\/v2\/tags?post=64742"}],"curies":[{"name":"wp","href":"https:\/\/api.w.org\/{rel}","templated":true}]}}