{"id":6474,"date":"2016-07-29T12:03:50","date_gmt":"2016-07-29T15:03:50","guid":{"rendered":"https:\/\/eldiariodesanpedro.com.ar\/sitio\/?p=6474"},"modified":"2016-07-29T12:03:50","modified_gmt":"2016-07-29T15:03:50","slug":"roleri-aseguro-que-los-nuevos-moviles-para-seguridad-van-a-estar-en-la-ciudad-en-45-dias","status":"publish","type":"post","link":"https:\/\/eldiariodesanpedro.com.ar\/sitio\/roleri-aseguro-que-los-nuevos-moviles-para-seguridad-van-a-estar-en-la-ciudad-en-45-dias\/","title":{"rendered":"Roleri asegur\u00f3 que los nuevos m\u00f3viles para seguridad van a estar en la ciudad \u201cen 45 d\u00edas\u00bb"},"content":{"rendered":"<p><!-- VideographyWP Plugin Message: Automatic video embedding prevented by plugin options. --><br \/>\nEl secretario de Seguridad explic\u00f3 que los rodados fueron adquiridos con el Fondo de Seguridad de la Provincia. \u201cLas pautas para gastar ese dinero es compras de c\u00e1maras de seguridad, equipo de comunicaci\u00f3n, veh\u00edculos y algunas otras cosas que puntualmente especificadas\u201d, \u201centonces se decidi\u00f3 la compra de seis veh\u00edculos, dos camionetas 4&#215;4 y cuatro autos. Luego de ver varios presupuestos, se opt\u00f3 por el de Toyota\u201d, se\u00f1al\u00f3 el funcionario.<br \/>\nAl tiempo que confirm\u00f3: \u201cEstamos en tr\u00e1mite para traer los veh\u00edculos y creemos que en 45 d\u00edas van a estar ac\u00e1\u201d. \u201cTambi\u00e9n estamos ya en condiciones de adquirir los equipos de balizas y de sirenas para los mismos y el ploteo para que se sepan que son de la Secretar\u00eda de Seguridad\u201d, dijo.<br \/>\n\u201cEstamos muy contentos porque el aporte que nos ha hecho la Provincia nos sirve para mejorar lo que es la seguridad de San Pedro\u201d, se\u00f1al\u00f3 Roleri.<br \/>\nAsimismo, agreg\u00f3 que \u201cuno de ellos va a ser destinado al \u00e1rea de Defensa Civil y el resto para lo que es Inspecci\u00f3n\u201d, \u201cahora estamos en condiciones de dotar a todo el personal con los veh\u00edculos suficientes\u201d.<br \/>\nSobre la futura compra para m\u00f3viles de la polic\u00eda local, consider\u00f3: \u201cPor ahora son para Inspecci\u00f3n, seguramente a fin de a\u00f1o podamos adquirir m\u00e1s veh\u00edculos para lo que es la polic\u00eda local como as\u00ed tambi\u00e9n todo el equipamiento que va a ser necesario\u201d.<\/p>\n","protected":false},"excerpt":{"rendered":"<p>El secretario de Seguridad explic\u00f3 que los rodados fueron adquiridos con el Fondo de Seguridad de la Provincia. \u201cLas pautas para gastar ese dinero es compras de c\u00e1maras de seguridad, equipo de comunicaci\u00f3n, veh\u00edculos y algunas otras cosas que puntualmente especificadas\u201d, \u201centonces se decidi\u00f3 la compra de seis veh\u00edculos, dos camionetas 4&#215;4 y cuatro autos. [&hellip;]<\/p>\n","protected":false},"author":4,"featured_media":6475,"comment_status":"open","ping_status":"closed","sticky":false,"template":"","format":"standard","meta":{"om_disable_all_campaigns":false,"_jetpack_memberships_contains_paid_content":false,"footnotes":""},"categories":[50,2,102],"tags":[],"class_list":["post-6474","post","type-post","status-publish","format-standard","has-post-thumbnail","hentry","category-destacadas","category-locales","category-politica-locales"],"aioseo_notices":[],"gutentor_comment":0,"jetpack_featured_media_url":"https:\/\/eldiariodesanpedro.com.ar\/sitio\/wp-content\/uploads\/2016\/07\/Rolleri-solo-otra.jpg","jetpack_shortlink":"https:\/\/wp.me\/p6RhLt-1Gq","jetpack_sharing_enabled":true,"_links":{"self":[{"href":"https:\/\/eldiariodesanpedro.com.ar\/sitio\/wp-json\/wp\/v2\/posts\/6474","targetHints":{"allow":["GET"]}}],"collection":[{"href":"https:\/\/eldiariodesanpedro.com.ar\/sitio\/wp-json\/wp\/v2\/posts"}],"about":[{"href":"https:\/\/eldiariodesanpedro.com.ar\/sitio\/wp-json\/wp\/v2\/types\/post"}],"author":[{"embeddable":true,"href":"https:\/\/eldiariodesanpedro.com.ar\/sitio\/wp-json\/wp\/v2\/users\/4"}],"replies":[{"embeddable":true,"href":"https:\/\/eldiariodesanpedro.com.ar\/sitio\/wp-json\/wp\/v2\/comments?post=6474"}],"version-history":[{"count":1,"href":"https:\/\/eldiariodesanpedro.com.ar\/sitio\/wp-json\/wp\/v2\/posts\/6474\/revisions"}],"predecessor-version":[{"id":6476,"href":"https:\/\/eldiariodesanpedro.com.ar\/sitio\/wp-json\/wp\/v2\/posts\/6474\/revisions\/6476"}],"wp:featuredmedia":[{"embeddable":true,"href":"https:\/\/eldiariodesanpedro.com.ar\/sitio\/wp-json\/wp\/v2\/media\/6475"}],"wp:attachment":[{"href":"https:\/\/eldiariodesanpedro.com.ar\/sitio\/wp-json\/wp\/v2\/media?parent=6474"}],"wp:term":[{"taxonomy":"category","embeddable":true,"href":"https:\/\/eldiariodesanpedro.com.ar\/sitio\/wp-json\/wp\/v2\/categories?post=6474"},{"taxonomy":"post_tag","embeddable":true,"href":"https:\/\/eldiariodesanpedro.com.ar\/sitio\/wp-json\/wp\/v2\/tags?post=6474"}],"curies":[{"name":"wp","href":"https:\/\/api.w.org\/{rel}","templated":true}]}}