{"id":64739,"date":"2019-11-28T09:49:35","date_gmt":"2019-11-28T12:49:35","guid":{"rendered":"https:\/\/eldiariodesanpedro.com.ar\/sitio\/?p=64739"},"modified":"2019-11-28T09:49:41","modified_gmt":"2019-11-28T12:49:41","slug":"baradero-buscan-a-remito-ojeda","status":"publish","type":"post","link":"https:\/\/eldiariodesanpedro.com.ar\/sitio\/baradero-buscan-a-remito-ojeda\/","title":{"rendered":"BARADERO | Buscan a Remito Ojeda"},"content":{"rendered":"<!-- VideographyWP Plugin Message: Automatic video embedding prevented by plugin options. -->\n\n<p> D\u00eda Mi\u00e9rcoles 27,\u00a0femenina radica denuncia en virtud que su pareja de nombre OJEDA RAMIRO, con quien tienen una hija en com\u00fan, se ausent\u00f3 de su domicilio el d\u00eda 26 del corriente mes a\u00f1o en horas de la tarde. El mismo es de contextura f\u00edsica delgada, tez morena, de 18 a\u00f1os de edad, que al momento de ausentarse vest\u00eda Campera de Color Verde, pantal\u00f3n de Jean de color Verde y zapatillas de lona de Color Amarilla. \u00a0(Se Adjunta al presente, Nota de Solicitud Colaboraci\u00f3n para dar con el Paradero de OJEDA RAMIRO.- <\/p>\n\n\n\n<p>Fuente: <a href=\"https:\/\/impactobaradero.com\/se-busca-a-ramiro-ojeda\/\">Impacto Baradero<\/a><\/p>\n","protected":false},"excerpt":{"rendered":"<p>D\u00eda Mi\u00e9rcoles 27,\u00a0femenina radica denuncia en virtud que su pareja de nombre OJEDA RAMIRO, con quien tienen una hija en com\u00fan, se ausent\u00f3 de su domicilio el d\u00eda 26 del corriente mes a\u00f1o en horas de la tarde. El mismo es de contextura f\u00edsica delgada, tez morena, de 18 a\u00f1os de edad, que al momento [&hellip;]<\/p>\n","protected":false},"author":4,"featured_media":64740,"comment_status":"open","ping_status":"closed","sticky":false,"template":"","format":"standard","meta":{"om_disable_all_campaigns":false,"_jetpack_memberships_contains_paid_content":false,"footnotes":""},"categories":[621],"tags":[],"class_list":["post-64739","post","type-post","status-publish","format-standard","has-post-thumbnail","hentry","category-regionales"],"aioseo_notices":[],"gutentor_comment":0,"jetpack_featured_media_url":"https:\/\/eldiariodesanpedro.com.ar\/sitio\/wp-content\/uploads\/2019\/11\/77305662_1195118307544346_3397736077971161088_o.jpg","jetpack_shortlink":"https:\/\/wp.me\/p6RhLt-gQb","jetpack_sharing_enabled":true,"_links":{"self":[{"href":"https:\/\/eldiariodesanpedro.com.ar\/sitio\/wp-json\/wp\/v2\/posts\/64739","targetHints":{"allow":["GET"]}}],"collection":[{"href":"https:\/\/eldiariodesanpedro.com.ar\/sitio\/wp-json\/wp\/v2\/posts"}],"about":[{"href":"https:\/\/eldiariodesanpedro.com.ar\/sitio\/wp-json\/wp\/v2\/types\/post"}],"author":[{"embeddable":true,"href":"https:\/\/eldiariodesanpedro.com.ar\/sitio\/wp-json\/wp\/v2\/users\/4"}],"replies":[{"embeddable":true,"href":"https:\/\/eldiariodesanpedro.com.ar\/sitio\/wp-json\/wp\/v2\/comments?post=64739"}],"version-history":[{"count":1,"href":"https:\/\/eldiariodesanpedro.com.ar\/sitio\/wp-json\/wp\/v2\/posts\/64739\/revisions"}],"predecessor-version":[{"id":64741,"href":"https:\/\/eldiariodesanpedro.com.ar\/sitio\/wp-json\/wp\/v2\/posts\/64739\/revisions\/64741"}],"wp:featuredmedia":[{"embeddable":true,"href":"https:\/\/eldiariodesanpedro.com.ar\/sitio\/wp-json\/wp\/v2\/media\/64740"}],"wp:attachment":[{"href":"https:\/\/eldiariodesanpedro.com.ar\/sitio\/wp-json\/wp\/v2\/media?parent=64739"}],"wp:term":[{"taxonomy":"category","embeddable":true,"href":"https:\/\/eldiariodesanpedro.com.ar\/sitio\/wp-json\/wp\/v2\/categories?post=64739"},{"taxonomy":"post_tag","embeddable":true,"href":"https:\/\/eldiariodesanpedro.com.ar\/sitio\/wp-json\/wp\/v2\/tags?post=64739"}],"curies":[{"name":"wp","href":"https:\/\/api.w.org\/{rel}","templated":true}]}}