{"id":64732,"date":"2019-11-28T09:30:01","date_gmt":"2019-11-28T12:30:01","guid":{"rendered":"https:\/\/eldiariodesanpedro.com.ar\/sitio\/?p=64732"},"modified":"2019-11-28T09:30:07","modified_gmt":"2019-11-28T12:30:07","slug":"el-ccit-presente-en-un-debate-sobre-el-avance-del-acuerdo-union-europea-mercosur","status":"publish","type":"post","link":"https:\/\/eldiariodesanpedro.com.ar\/sitio\/el-ccit-presente-en-un-debate-sobre-el-avance-del-acuerdo-union-europea-mercosur\/","title":{"rendered":"El CCIT presente en un debate sobre el avance del Acuerdo Uni\u00f3n Europea \u2013 Mercosur"},"content":{"rendered":"<!-- VideographyWP Plugin Message: Automatic video embedding prevented by plugin options. -->\n\n<p>El presidente del Centro de Comercio Industria y Turismo de San Pedro, Ra\u00fal Cheyllada, particip\u00f3 este mi\u00e9rcoles de una reuni\u00f3n&nbsp; en la Fundaci\u00f3n ICBC que cont\u00f3 con la presencia del Dr. F\u00e9lix Pe\u00f1a quien en el mes de agosto visit\u00f3 nuestra ciudad.<\/p>\n\n\n\n<p>El encuentro cont\u00f3 con una disertaci\u00f3n sobre los avances del acuerdo MERCOSUR &#8211; UE a cargo de Mg. Norberto Pontiroli Director del Comit\u00e9 de Am\u00e9rica Latina del CARI (Consejo Argentino para las Relaciones Internacionales)&nbsp;&nbsp;junto a otros expertos nacionales e internacionales. &nbsp;<br><br>El CARI es una instituci\u00f3n acad\u00e9mica privada creada para estimular el estudio y debate de los problemas internacionales desde un enfoque nacional, analizar los aspectos pol\u00edticos, econ\u00f3micos, culturales y sociales de las relaciones internacionales y ofrecer su espacio a figuras representativas, del pa\u00eds y del extranjero, teniendo como objetivo final la consolidaci\u00f3n de la paz y el desarrollo de los pueblos a trav\u00e9s de una vinculaci\u00f3n m\u00e1s estrecha y un mayor conocimiento rec\u00edproco.&nbsp;&nbsp;En un amplio debate se trataron temas geopol\u00edticos relevantes para el futuro de Argentina y de las econom\u00edas regionales.<\/p>\n\n\n\n<p>Entre ellos los impactos que decantar\u00edan de la implementaci\u00f3n del Acuerdo MERCOSUR &#8211; UE, como tambi\u00e9n, las potenciales consecuencias en caso de una ruptura del Mercosur.&nbsp;Asimismo se abordaron otras hip\u00f3tesis que surgen del entramado de las relaciones internacionales de Argentina con el mundo frente al futuro cambio de gobierno.<\/p>\n\n\n\n<p>Pontiroli consider\u00f3 de valor trabajar sobre esquemas de integraci\u00f3n en donde los gobiernos provinciales tengan como prioridad en agenda la participaci\u00f3n activa de estos temas dado que el contexto del mundo ha cambiado y se debe arbitrar otras formas de pensar el desarrollo.<\/p>\n\n\n\n<p>Por su parte el Dr. Ignacio Bartesaghi, Decano de la Universidad Cat\u00f3lica del Uruguay y especialista&nbsp; en Relaciones Comerciales entre Asia y Latinoam\u00e9rica, nutri\u00f3 el conversatorio con una exposici\u00f3n sobre la mirada de Uruguay en contexto del v\u00ednculo de este pa\u00eds con el MERCOSUR como de sus Pol\u00edticas&nbsp; de Estado en la aspiraci\u00f3n de lograr ampliar nuevas alianzas globales.<\/p>\n\n\n\n<p>Se coincidi\u00f3 sobre las necesidades de dar previsibilidad pol\u00edtica &#8211; econ\u00f3mica en el marco de reglas a cumplir si se pretende ganar participaci\u00f3n global con competitividad empresarial.<\/p>\n\n\n\n<p>El Centro de Comercio e Industria entiende la importancia que representa para la entidad vincularse a este \u00e1mbito de an\u00e1lisis ya que el desarrollo global actual y futuro involucra a todos nuestros representados.<\/p>\n\n\n\n<p>El presidente de la entidad puso a disposici\u00f3n el CCIT para que conjuntamente con la Fundaci\u00f3n ICBC y la C\u00e1mara de Comercio Exterior&nbsp;&nbsp;presidida por el Sr. N\u00e9stor Casal se tenga en San Pedro la posibilidad de una formaci\u00f3n profesional y empresarial en Relaciones Internaciones durante el 2020.<\/p>\n","protected":false},"excerpt":{"rendered":"<p>El presidente del Centro de Comercio Industria y Turismo de San Pedro, Ra\u00fal Cheyllada, particip\u00f3 este mi\u00e9rcoles de una reuni\u00f3n&nbsp; en la Fundaci\u00f3n ICBC que cont\u00f3 con la presencia del Dr. F\u00e9lix Pe\u00f1a quien en el mes de agosto visit\u00f3 nuestra ciudad. El encuentro cont\u00f3 con una disertaci\u00f3n sobre los avances del acuerdo MERCOSUR &#8211; [&hellip;]<\/p>\n","protected":false},"author":4,"featured_media":64733,"comment_status":"open","ping_status":"closed","sticky":false,"template":"","format":"standard","meta":{"om_disable_all_campaigns":false,"_jetpack_memberships_contains_paid_content":false,"footnotes":""},"categories":[2],"tags":[],"class_list":["post-64732","post","type-post","status-publish","format-standard","has-post-thumbnail","hentry","category-locales"],"aioseo_notices":[],"gutentor_comment":0,"jetpack_featured_media_url":"https:\/\/eldiariodesanpedro.com.ar\/sitio\/wp-content\/uploads\/2019\/11\/Cheyllada-Pontiroli.jpeg","jetpack_shortlink":"https:\/\/wp.me\/p6RhLt-gQ4","jetpack_sharing_enabled":true,"_links":{"self":[{"href":"https:\/\/eldiariodesanpedro.com.ar\/sitio\/wp-json\/wp\/v2\/posts\/64732","targetHints":{"allow":["GET"]}}],"collection":[{"href":"https:\/\/eldiariodesanpedro.com.ar\/sitio\/wp-json\/wp\/v2\/posts"}],"about":[{"href":"https:\/\/eldiariodesanpedro.com.ar\/sitio\/wp-json\/wp\/v2\/types\/post"}],"author":[{"embeddable":true,"href":"https:\/\/eldiariodesanpedro.com.ar\/sitio\/wp-json\/wp\/v2\/users\/4"}],"replies":[{"embeddable":true,"href":"https:\/\/eldiariodesanpedro.com.ar\/sitio\/wp-json\/wp\/v2\/comments?post=64732"}],"version-history":[{"count":1,"href":"https:\/\/eldiariodesanpedro.com.ar\/sitio\/wp-json\/wp\/v2\/posts\/64732\/revisions"}],"predecessor-version":[{"id":64734,"href":"https:\/\/eldiariodesanpedro.com.ar\/sitio\/wp-json\/wp\/v2\/posts\/64732\/revisions\/64734"}],"wp:featuredmedia":[{"embeddable":true,"href":"https:\/\/eldiariodesanpedro.com.ar\/sitio\/wp-json\/wp\/v2\/media\/64733"}],"wp:attachment":[{"href":"https:\/\/eldiariodesanpedro.com.ar\/sitio\/wp-json\/wp\/v2\/media?parent=64732"}],"wp:term":[{"taxonomy":"category","embeddable":true,"href":"https:\/\/eldiariodesanpedro.com.ar\/sitio\/wp-json\/wp\/v2\/categories?post=64732"},{"taxonomy":"post_tag","embeddable":true,"href":"https:\/\/eldiariodesanpedro.com.ar\/sitio\/wp-json\/wp\/v2\/tags?post=64732"}],"curies":[{"name":"wp","href":"https:\/\/api.w.org\/{rel}","templated":true}]}}