{"id":64727,"date":"2019-11-27T19:04:14","date_gmt":"2019-11-27T22:04:14","guid":{"rendered":"https:\/\/eldiariodesanpedro.com.ar\/sitio\/?p=64727"},"modified":"2019-11-27T19:04:21","modified_gmt":"2019-11-27T22:04:21","slug":"choripaneada-solidaria-para-agustin-y-diego-iglesias","status":"publish","type":"post","link":"https:\/\/eldiariodesanpedro.com.ar\/sitio\/choripaneada-solidaria-para-agustin-y-diego-iglesias\/","title":{"rendered":"Choripaneada Solidaria para Agust\u00edn y Diego Iglesias"},"content":{"rendered":"<!-- VideographyWP Plugin Message: Automatic video embedding prevented by plugin options. -->\n\n<p>El evento se realizara este viernes a las 21 horas en el local que se encuentra en calle San Mart\u00edn 350, Restaurante La Roska. El objetivo es juntar fondo para sustentar los gastos de su familia.<\/p>\n\n\n\n<p>Esta ma\u00f1ana en una mini conferencia de prensa para medios locales, Celeste y Malena, primas de Agust\u00edn y Diego Iglesias, los j\u00f3venes quemados en el incendio de la Panader\u00eda de calle Manuel Iglesias al 2100, nos contaron como se realizara esta choripaneada solidaria:<\/p>\n\n\n\n<p>\u00abLos chicos van a ser papas muy prontito, las dos familias est\u00e1n acompa\u00f1\u00e1ndolos y est\u00e1n sin trabajo, necesitamos la solidaridad de todos para que puedan solventar sus gastos, esto es un camino muy largo que queda todav\u00eda\u00bb<\/p>\n\n\n\n<p>\u201cEstamos recibiendo much\u00edsima ayuda, nunca me imagin\u00e9 y lo agradecemos de coraz\u00f3n, todo es bienvenido, hamburguesas, chorizos, panes, bebidas\u201d<\/p>\n\n\n\n<p>En tanto que comentaron: \u201cSe est\u00e1 organizando para el s\u00e1bado un f\u00fatbol solidario en la cancha de San Roque\u201d y \u201cla inscripci\u00f3n va a salir 600 pesos y nosotros vamos a estar en la cantina\u201d.<\/p>\n\n\n\n<figure class=\"wp-block-embed-facebook wp-block-embed is-type-video is-provider-facebook\"><div class=\"wp-block-embed__wrapper\">\n<div class=\"fb-video\" data-allowfullscreen=\"true\" data-href=\"https:\/\/www.facebook.com\/eldiario.desanpedro\/videos\/794921360931563\/\" style=\"background-color: #fff; display: inline-block;\"><\/div>\n<\/div><\/figure>\n","protected":false},"excerpt":{"rendered":"<p>El evento se realizara este viernes a las 21 horas en el local que se encuentra en calle San Mart\u00edn 350, Restaurante La Roska. El objetivo es juntar fondo para sustentar los gastos de su familia. Esta ma\u00f1ana en una mini conferencia de prensa para medios locales, Celeste y Malena, primas de Agust\u00edn y Diego [&hellip;]<\/p>\n","protected":false},"author":4,"featured_media":64728,"comment_status":"open","ping_status":"closed","sticky":false,"template":"","format":"standard","meta":{"om_disable_all_campaigns":false,"_jetpack_memberships_contains_paid_content":false,"footnotes":""},"categories":[50,101,2],"tags":[],"class_list":["post-64727","post","type-post","status-publish","format-standard","has-post-thumbnail","hentry","category-destacadas","category-interes-general-locales","category-locales"],"aioseo_notices":[],"gutentor_comment":0,"jetpack_featured_media_url":"https:\/\/eldiariodesanpedro.com.ar\/sitio\/wp-content\/uploads\/2019\/11\/78575649_2838285376211373_1646568484215193600_o.jpg","jetpack_shortlink":"https:\/\/wp.me\/p6RhLt-gPZ","jetpack_sharing_enabled":true,"_links":{"self":[{"href":"https:\/\/eldiariodesanpedro.com.ar\/sitio\/wp-json\/wp\/v2\/posts\/64727","targetHints":{"allow":["GET"]}}],"collection":[{"href":"https:\/\/eldiariodesanpedro.com.ar\/sitio\/wp-json\/wp\/v2\/posts"}],"about":[{"href":"https:\/\/eldiariodesanpedro.com.ar\/sitio\/wp-json\/wp\/v2\/types\/post"}],"author":[{"embeddable":true,"href":"https:\/\/eldiariodesanpedro.com.ar\/sitio\/wp-json\/wp\/v2\/users\/4"}],"replies":[{"embeddable":true,"href":"https:\/\/eldiariodesanpedro.com.ar\/sitio\/wp-json\/wp\/v2\/comments?post=64727"}],"version-history":[{"count":1,"href":"https:\/\/eldiariodesanpedro.com.ar\/sitio\/wp-json\/wp\/v2\/posts\/64727\/revisions"}],"predecessor-version":[{"id":64729,"href":"https:\/\/eldiariodesanpedro.com.ar\/sitio\/wp-json\/wp\/v2\/posts\/64727\/revisions\/64729"}],"wp:featuredmedia":[{"embeddable":true,"href":"https:\/\/eldiariodesanpedro.com.ar\/sitio\/wp-json\/wp\/v2\/media\/64728"}],"wp:attachment":[{"href":"https:\/\/eldiariodesanpedro.com.ar\/sitio\/wp-json\/wp\/v2\/media?parent=64727"}],"wp:term":[{"taxonomy":"category","embeddable":true,"href":"https:\/\/eldiariodesanpedro.com.ar\/sitio\/wp-json\/wp\/v2\/categories?post=64727"},{"taxonomy":"post_tag","embeddable":true,"href":"https:\/\/eldiariodesanpedro.com.ar\/sitio\/wp-json\/wp\/v2\/tags?post=64727"}],"curies":[{"name":"wp","href":"https:\/\/api.w.org\/{rel}","templated":true}]}}