{"id":64724,"date":"2019-11-27T18:47:20","date_gmt":"2019-11-27T21:47:20","guid":{"rendered":"https:\/\/eldiariodesanpedro.com.ar\/sitio\/?p=64724"},"modified":"2019-11-27T18:47:27","modified_gmt":"2019-11-27T21:47:27","slug":"este-viernes-campana-de-prevencion-de-ceguera-por-diabetes","status":"publish","type":"post","link":"https:\/\/eldiariodesanpedro.com.ar\/sitio\/este-viernes-campana-de-prevencion-de-ceguera-por-diabetes\/","title":{"rendered":"Este viernes \u00abCampa\u00f1a de Prevenci\u00f3n de Ceguera por Diabetes\u00bb"},"content":{"rendered":"<!-- VideographyWP Plugin Message: Automatic video embedding prevented by plugin options. -->\n\n<p>\n\nCon el apoyo del C\u00edrculo M\u00e9dico de San Pedro se llevar\u00e1 adelante&nbsp;<strong>el pr\u00f3ximo viernes 29<\/strong>&nbsp;la versi\u00f3n local de la&nbsp;Campa\u00f1a Nacional de Prevenci\u00f3n de Ceguera por Diabetes organizada por el Consejo Argentino de Oftalmolog\u00eda y gracias a la colaboraci\u00f3n solidaria de m\u00e9dicos oftalm\u00f3logos de todo el pa\u00eds.<\/p>\n\n\n\n<p>Durante este d\u00eda el Dr. Mart\u00edn Orso recibir\u00e1 sin turno a los pacientes diab\u00e9ticos que se acerquen a su consultorio de calle Las Heras 602 entre las 9 y las 12 y entre las 13 a 16 para realizar controles que determinar\u00e1n el estado de su salud visual, de manera totalmente gratuita, por tal motivo apunta a quienes no tengan cobertura m\u00e9dica.<\/p>\n\n\n\n<p>La campa\u00f1a nacional comenz\u00f3 en 1999 y a la fecha atendi\u00f3 a 30.000 pacientes diab\u00e9ticos. Sobre ese total, el 40% de los casos presentaba lesiones compatibles con retinopat\u00eda diab\u00e9tica y el 9% mostraba formas avanzadas de la enfermedad; todos ellos fueron derivados para su tratamiento correspondiente. Cerca del 1% de los pacientes que presentaron al control ya padec\u00edan ceguera por diabetes.<\/p>\n\n\n\n<p>Durante la campa\u00f1a, los m\u00e9dicos oftalm\u00f3logos realizan fondos de ojo a todas las personas diab\u00e9ticas que asistan, es decir, les aplican gotas para dilatar sus pupilas para poder poder observar sus retinas, m\u00e1culas y nervios \u00f3pticos. Es un proceso r\u00e1pido e indoloro pero que produce visi\u00f3n borrosa durante unas 4 a 6 hs. Si se diagnostica una retinopat\u00eda diab\u00e9tica, se deriva el caso para que se efect\u00faen otros estudios que determinar\u00e1n si el paciente requiere tratamiento.<\/p>\n\n\n\n<p>Con los datos cl\u00ednicos que se obtienen de cada paciente revisado, se elabora posteriormente estad\u00edstica de incidencia y prevalencia de la enfermedad en nuestro pa\u00eds.<\/p>\n\n\n\n<p><br><\/p>\n","protected":false},"excerpt":{"rendered":"<p>Con el apoyo del C\u00edrculo M\u00e9dico de San Pedro se llevar\u00e1 adelante&nbsp;el pr\u00f3ximo viernes 29&nbsp;la versi\u00f3n local de la&nbsp;Campa\u00f1a Nacional de Prevenci\u00f3n de Ceguera por Diabetes organizada por el Consejo Argentino de Oftalmolog\u00eda y gracias a la colaboraci\u00f3n solidaria de m\u00e9dicos oftalm\u00f3logos de todo el pa\u00eds. Durante este d\u00eda el Dr. Mart\u00edn Orso recibir\u00e1 sin [&hellip;]<\/p>\n","protected":false},"author":4,"featured_media":64725,"comment_status":"open","ping_status":"closed","sticky":false,"template":"","format":"standard","meta":{"om_disable_all_campaigns":false,"_jetpack_memberships_contains_paid_content":false,"footnotes":""},"categories":[101,2],"tags":[],"class_list":["post-64724","post","type-post","status-publish","format-standard","has-post-thumbnail","hentry","category-interes-general-locales","category-locales"],"aioseo_notices":[],"gutentor_comment":0,"jetpack_featured_media_url":"https:\/\/eldiariodesanpedro.com.ar\/sitio\/wp-content\/uploads\/2019\/11\/Oftaldiab-1.jpeg","jetpack_shortlink":"https:\/\/wp.me\/p6RhLt-gPW","jetpack_sharing_enabled":true,"_links":{"self":[{"href":"https:\/\/eldiariodesanpedro.com.ar\/sitio\/wp-json\/wp\/v2\/posts\/64724","targetHints":{"allow":["GET"]}}],"collection":[{"href":"https:\/\/eldiariodesanpedro.com.ar\/sitio\/wp-json\/wp\/v2\/posts"}],"about":[{"href":"https:\/\/eldiariodesanpedro.com.ar\/sitio\/wp-json\/wp\/v2\/types\/post"}],"author":[{"embeddable":true,"href":"https:\/\/eldiariodesanpedro.com.ar\/sitio\/wp-json\/wp\/v2\/users\/4"}],"replies":[{"embeddable":true,"href":"https:\/\/eldiariodesanpedro.com.ar\/sitio\/wp-json\/wp\/v2\/comments?post=64724"}],"version-history":[{"count":1,"href":"https:\/\/eldiariodesanpedro.com.ar\/sitio\/wp-json\/wp\/v2\/posts\/64724\/revisions"}],"predecessor-version":[{"id":64726,"href":"https:\/\/eldiariodesanpedro.com.ar\/sitio\/wp-json\/wp\/v2\/posts\/64724\/revisions\/64726"}],"wp:featuredmedia":[{"embeddable":true,"href":"https:\/\/eldiariodesanpedro.com.ar\/sitio\/wp-json\/wp\/v2\/media\/64725"}],"wp:attachment":[{"href":"https:\/\/eldiariodesanpedro.com.ar\/sitio\/wp-json\/wp\/v2\/media?parent=64724"}],"wp:term":[{"taxonomy":"category","embeddable":true,"href":"https:\/\/eldiariodesanpedro.com.ar\/sitio\/wp-json\/wp\/v2\/categories?post=64724"},{"taxonomy":"post_tag","embeddable":true,"href":"https:\/\/eldiariodesanpedro.com.ar\/sitio\/wp-json\/wp\/v2\/tags?post=64724"}],"curies":[{"name":"wp","href":"https:\/\/api.w.org\/{rel}","templated":true}]}}