{"id":64717,"date":"2019-11-27T18:38:28","date_gmt":"2019-11-27T21:38:28","guid":{"rendered":"https:\/\/eldiariodesanpedro.com.ar\/sitio\/?p=64717"},"modified":"2019-11-27T18:38:35","modified_gmt":"2019-11-27T21:38:35","slug":"invitacion-la-universidad-en-san-pedro","status":"publish","type":"post","link":"https:\/\/eldiariodesanpedro.com.ar\/sitio\/invitacion-la-universidad-en-san-pedro\/","title":{"rendered":"Invitaci\u00f3n: La Universidad en San Pedro"},"content":{"rendered":"<!-- VideographyWP Plugin Message: Automatic video embedding prevented by plugin options. -->\n\n<p> La Municipalidad de San Pedro y la Universidad Nacional de San Antonio de Areco (UNSAdA) invitan a toda la comunidad a la presentaci\u00f3n de la Tecnicatura en Mantenimiento Industrial y las reuniones informativas sobre esta carrera. <\/p>\n\n\n\n<p>La misma va a realizarse este jueves 28 de noviembre a las 10 hs en la Escuela de Educaci\u00f3n T\u00e9cnica N\u00b01, ubicada en Uruguay 1095.<\/p>\n\n\n\n<p>Por otro lado, tambi\u00e9n es importante informar que en el mismo establecimiento educativo a las 11 hs, autoridades municipales y del Instituto Superior de Formaci\u00f3n T\u00e9cnica N\u00b0 118, realizar\u00e1n la presentaci\u00f3n de la Licenciatura en Administraci\u00f3n y su articulaci\u00f3n con tecnicaturas superiores. <\/p>\n\n\n\n<ul class=\"wp-block-gallery columns-2 is-cropped wp-block-gallery-1 is-layout-flex wp-block-gallery-is-layout-flex\"><li class=\"blocks-gallery-item\"><figure><img decoding=\"async\" width=\"940\" height=\"788\" data-attachment-id=\"64718\" data-permalink=\"https:\/\/eldiariodesanpedro.com.ar\/sitio\/invitacion-la-universidad-en-san-pedro\/la-universidad-en-sp-1\/\" data-orig-file=\"https:\/\/eldiariodesanpedro.com.ar\/sitio\/wp-content\/uploads\/2019\/11\/la-Universidad-en-SP-1.png\" data-orig-size=\"940,788\" data-comments-opened=\"1\" data-image-meta=\"{&quot;aperture&quot;:&quot;0&quot;,&quot;credit&quot;:&quot;&quot;,&quot;camera&quot;:&quot;&quot;,&quot;caption&quot;:&quot;&quot;,&quot;created_timestamp&quot;:&quot;0&quot;,&quot;copyright&quot;:&quot;&quot;,&quot;focal_length&quot;:&quot;0&quot;,&quot;iso&quot;:&quot;0&quot;,&quot;shutter_speed&quot;:&quot;0&quot;,&quot;title&quot;:&quot;&quot;,&quot;orientation&quot;:&quot;0&quot;}\" data-image-title=\"la-Universidad-en-SP-1\" data-image-description=\"\" data-image-caption=\"\" data-large-file=\"https:\/\/eldiariodesanpedro.com.ar\/sitio\/wp-content\/uploads\/2019\/11\/la-Universidad-en-SP-1.png\" data-src=\"https:\/\/eldiariodesanpedro.com.ar\/sitio\/wp-content\/uploads\/2019\/11\/la-Universidad-en-SP-1.png\" alt=\"\" data-id=\"64718\" data-link=\"https:\/\/eldiariodesanpedro.com.ar\/sitio\/?attachment_id=64718\" class=\"wp-image-64718 lazyload\" data-srcset=\"https:\/\/eldiariodesanpedro.com.ar\/sitio\/wp-content\/uploads\/2019\/11\/la-Universidad-en-SP-1.png 940w, https:\/\/eldiariodesanpedro.com.ar\/sitio\/wp-content\/uploads\/2019\/11\/la-Universidad-en-SP-1-300x251.png 300w, https:\/\/eldiariodesanpedro.com.ar\/sitio\/wp-content\/uploads\/2019\/11\/la-Universidad-en-SP-1-768x644.png 768w\" data-sizes=\"(max-width: 940px) 100vw, 940px\" src=\"data:image\/svg+xml;base64,PHN2ZyB3aWR0aD0iMSIgaGVpZ2h0PSIxIiB4bWxucz0iaHR0cDovL3d3dy53My5vcmcvMjAwMC9zdmciPjwvc3ZnPg==\" style=\"--smush-placeholder-width: 940px; --smush-placeholder-aspect-ratio: 940\/788;\" \/><\/figure><\/li><li class=\"blocks-gallery-item\"><figure><img decoding=\"async\" width=\"940\" height=\"788\" data-attachment-id=\"64719\" data-permalink=\"https:\/\/eldiariodesanpedro.com.ar\/sitio\/invitacion-la-universidad-en-san-pedro\/la-universidad-en-sp-2\/\" data-orig-file=\"https:\/\/eldiariodesanpedro.com.ar\/sitio\/wp-content\/uploads\/2019\/11\/la-Universidad-en-SP-2.png\" data-orig-size=\"940,788\" data-comments-opened=\"1\" data-image-meta=\"{&quot;aperture&quot;:&quot;0&quot;,&quot;credit&quot;:&quot;&quot;,&quot;camera&quot;:&quot;&quot;,&quot;caption&quot;:&quot;&quot;,&quot;created_timestamp&quot;:&quot;0&quot;,&quot;copyright&quot;:&quot;&quot;,&quot;focal_length&quot;:&quot;0&quot;,&quot;iso&quot;:&quot;0&quot;,&quot;shutter_speed&quot;:&quot;0&quot;,&quot;title&quot;:&quot;&quot;,&quot;orientation&quot;:&quot;0&quot;}\" data-image-title=\"la-Universidad-en-SP-2\" data-image-description=\"\" data-image-caption=\"\" data-large-file=\"https:\/\/eldiariodesanpedro.com.ar\/sitio\/wp-content\/uploads\/2019\/11\/la-Universidad-en-SP-2.png\" data-src=\"https:\/\/eldiariodesanpedro.com.ar\/sitio\/wp-content\/uploads\/2019\/11\/la-Universidad-en-SP-2.png\" alt=\"\" data-id=\"64719\" data-link=\"https:\/\/eldiariodesanpedro.com.ar\/sitio\/?attachment_id=64719\" class=\"wp-image-64719 lazyload\" data-srcset=\"https:\/\/eldiariodesanpedro.com.ar\/sitio\/wp-content\/uploads\/2019\/11\/la-Universidad-en-SP-2.png 940w, https:\/\/eldiariodesanpedro.com.ar\/sitio\/wp-content\/uploads\/2019\/11\/la-Universidad-en-SP-2-300x251.png 300w, https:\/\/eldiariodesanpedro.com.ar\/sitio\/wp-content\/uploads\/2019\/11\/la-Universidad-en-SP-2-768x644.png 768w\" data-sizes=\"(max-width: 940px) 100vw, 940px\" src=\"data:image\/svg+xml;base64,PHN2ZyB3aWR0aD0iMSIgaGVpZ2h0PSIxIiB4bWxucz0iaHR0cDovL3d3dy53My5vcmcvMjAwMC9zdmciPjwvc3ZnPg==\" style=\"--smush-placeholder-width: 940px; --smush-placeholder-aspect-ratio: 940\/788;\" \/><\/figure><\/li><\/ul>\n","protected":false},"excerpt":{"rendered":"<p>La Municipalidad de San Pedro y la Universidad Nacional de San Antonio de Areco (UNSAdA) invitan a toda la comunidad a la presentaci\u00f3n de la Tecnicatura en Mantenimiento Industrial y las reuniones informativas sobre esta carrera. La misma va a realizarse este jueves 28 de noviembre a las 10 hs en la Escuela de Educaci\u00f3n [&hellip;]<\/p>\n","protected":false},"author":4,"featured_media":64718,"comment_status":"open","ping_status":"closed","sticky":false,"template":"","format":"standard","meta":{"om_disable_all_campaigns":false,"_jetpack_memberships_contains_paid_content":false,"footnotes":""},"categories":[101,2],"tags":[],"class_list":["post-64717","post","type-post","status-publish","format-standard","has-post-thumbnail","hentry","category-interes-general-locales","category-locales"],"aioseo_notices":[],"gutentor_comment":0,"jetpack_featured_media_url":"https:\/\/eldiariodesanpedro.com.ar\/sitio\/wp-content\/uploads\/2019\/11\/la-Universidad-en-SP-1.png","jetpack_shortlink":"https:\/\/wp.me\/p6RhLt-gPP","jetpack_sharing_enabled":true,"_links":{"self":[{"href":"https:\/\/eldiariodesanpedro.com.ar\/sitio\/wp-json\/wp\/v2\/posts\/64717","targetHints":{"allow":["GET"]}}],"collection":[{"href":"https:\/\/eldiariodesanpedro.com.ar\/sitio\/wp-json\/wp\/v2\/posts"}],"about":[{"href":"https:\/\/eldiariodesanpedro.com.ar\/sitio\/wp-json\/wp\/v2\/types\/post"}],"author":[{"embeddable":true,"href":"https:\/\/eldiariodesanpedro.com.ar\/sitio\/wp-json\/wp\/v2\/users\/4"}],"replies":[{"embeddable":true,"href":"https:\/\/eldiariodesanpedro.com.ar\/sitio\/wp-json\/wp\/v2\/comments?post=64717"}],"version-history":[{"count":1,"href":"https:\/\/eldiariodesanpedro.com.ar\/sitio\/wp-json\/wp\/v2\/posts\/64717\/revisions"}],"predecessor-version":[{"id":64720,"href":"https:\/\/eldiariodesanpedro.com.ar\/sitio\/wp-json\/wp\/v2\/posts\/64717\/revisions\/64720"}],"wp:featuredmedia":[{"embeddable":true,"href":"https:\/\/eldiariodesanpedro.com.ar\/sitio\/wp-json\/wp\/v2\/media\/64718"}],"wp:attachment":[{"href":"https:\/\/eldiariodesanpedro.com.ar\/sitio\/wp-json\/wp\/v2\/media?parent=64717"}],"wp:term":[{"taxonomy":"category","embeddable":true,"href":"https:\/\/eldiariodesanpedro.com.ar\/sitio\/wp-json\/wp\/v2\/categories?post=64717"},{"taxonomy":"post_tag","embeddable":true,"href":"https:\/\/eldiariodesanpedro.com.ar\/sitio\/wp-json\/wp\/v2\/tags?post=64717"}],"curies":[{"name":"wp","href":"https:\/\/api.w.org\/{rel}","templated":true}]}}