{"id":64714,"date":"2019-11-27T18:24:46","date_gmt":"2019-11-27T21:24:46","guid":{"rendered":"https:\/\/eldiariodesanpedro.com.ar\/sitio\/?p=64714"},"modified":"2019-11-27T18:24:53","modified_gmt":"2019-11-27T21:24:53","slug":"cadena-de-oracion-para-agustin-iglesias","status":"publish","type":"post","link":"https:\/\/eldiariodesanpedro.com.ar\/sitio\/cadena-de-oracion-para-agustin-iglesias\/","title":{"rendered":"Cadena de Oraci\u00f3n para Agust\u00edn Iglesias"},"content":{"rendered":"<!-- VideographyWP Plugin Message: Automatic video embedding prevented by plugin options. -->\n\n<p>Este martes el \u00faltimo parte m\u00e9dico no fue para nada alentador. Su familia pide y necesita que recen por \u00e9l. <\/p>\n\n\n\n<p>Agust\u00edn, el joven de 20 a\u00f1os que sufri\u00f3 graves quemaduras este lunes por la ma\u00f1ana al incendiarse una garrafa de 45k en la panader\u00eda donde trabajaba, hoy se encuentra peleando por su vida.<\/p>\n\n\n\n<p>Por la tarde de este martes fue derivado de urgencia al Instituto del Quemado que se encuentra en Capital Federal,  donde fue internado e intervenido quirurgicamente r\u00e1pidamente.<\/p>\n\n\n\n<p>\u00abLograron sacarle y cortarle piel de los brazos y la cara, lo entubaron, quedo en terapia, es una persona muy fuerte y joven, va a salir adelante\u00bb, comentaba su familia por la ma\u00f1ana,.<\/p>\n\n\n\n<p>Pero pasadas las horas del mediod\u00eda, el parte medico no fue alentador: Agus esta peor, se complico todo por las infecciones pero hay que esperar, este tema es muy importante y lo tiene que superar, ademas seg\u00fan indicaron los especialistas es muy probable que tenga agua en los pulmones, despu\u00e9s que pase todo esto va a ir mejorando\u00bb, fueron las palabras de su pap\u00e1.<\/p>\n\n\n\n<p>Por otro lado Diego, su hermano, sigue internado en el nosocomio local, con casi el 50% de su cuerpo quemado, pero a pesar que tambi\u00e9n espera su derivaci\u00f3n esta un poco mejor, \u00abhoy ya comi\u00f3 gelatina y sandwiche de miga\u00bb.<\/p>\n\n\n\n<p><\/p>\n\n\n\n<p><\/p>\n","protected":false},"excerpt":{"rendered":"<p>Este martes el \u00faltimo parte m\u00e9dico no fue para nada alentador. Su familia pide y necesita que recen por \u00e9l. Agust\u00edn, el joven de 20 a\u00f1os que sufri\u00f3 graves quemaduras este lunes por la ma\u00f1ana al incendiarse una garrafa de 45k en la panader\u00eda donde trabajaba, hoy se encuentra peleando por su vida. Por la [&hellip;]<\/p>\n","protected":false},"author":4,"featured_media":64715,"comment_status":"open","ping_status":"closed","sticky":false,"template":"","format":"standard","meta":{"om_disable_all_campaigns":false,"_jetpack_memberships_contains_paid_content":false,"footnotes":""},"categories":[50,101,2],"tags":[],"class_list":["post-64714","post","type-post","status-publish","format-standard","has-post-thumbnail","hentry","category-destacadas","category-interes-general-locales","category-locales"],"aioseo_notices":[],"gutentor_comment":1,"jetpack_featured_media_url":"https:\/\/eldiariodesanpedro.com.ar\/sitio\/wp-content\/uploads\/2019\/11\/PicsArt_11-27-06.16.13.jpg","jetpack_shortlink":"https:\/\/wp.me\/p6RhLt-gPM","jetpack_sharing_enabled":true,"_links":{"self":[{"href":"https:\/\/eldiariodesanpedro.com.ar\/sitio\/wp-json\/wp\/v2\/posts\/64714","targetHints":{"allow":["GET"]}}],"collection":[{"href":"https:\/\/eldiariodesanpedro.com.ar\/sitio\/wp-json\/wp\/v2\/posts"}],"about":[{"href":"https:\/\/eldiariodesanpedro.com.ar\/sitio\/wp-json\/wp\/v2\/types\/post"}],"author":[{"embeddable":true,"href":"https:\/\/eldiariodesanpedro.com.ar\/sitio\/wp-json\/wp\/v2\/users\/4"}],"replies":[{"embeddable":true,"href":"https:\/\/eldiariodesanpedro.com.ar\/sitio\/wp-json\/wp\/v2\/comments?post=64714"}],"version-history":[{"count":1,"href":"https:\/\/eldiariodesanpedro.com.ar\/sitio\/wp-json\/wp\/v2\/posts\/64714\/revisions"}],"predecessor-version":[{"id":64716,"href":"https:\/\/eldiariodesanpedro.com.ar\/sitio\/wp-json\/wp\/v2\/posts\/64714\/revisions\/64716"}],"wp:featuredmedia":[{"embeddable":true,"href":"https:\/\/eldiariodesanpedro.com.ar\/sitio\/wp-json\/wp\/v2\/media\/64715"}],"wp:attachment":[{"href":"https:\/\/eldiariodesanpedro.com.ar\/sitio\/wp-json\/wp\/v2\/media?parent=64714"}],"wp:term":[{"taxonomy":"category","embeddable":true,"href":"https:\/\/eldiariodesanpedro.com.ar\/sitio\/wp-json\/wp\/v2\/categories?post=64714"},{"taxonomy":"post_tag","embeddable":true,"href":"https:\/\/eldiariodesanpedro.com.ar\/sitio\/wp-json\/wp\/v2\/tags?post=64714"}],"curies":[{"name":"wp","href":"https:\/\/api.w.org\/{rel}","templated":true}]}}