{"id":6471,"date":"2016-07-29T11:56:47","date_gmt":"2016-07-29T14:56:47","guid":{"rendered":"https:\/\/eldiariodesanpedro.com.ar\/sitio\/?p=6471"},"modified":"2016-07-29T11:56:47","modified_gmt":"2016-07-29T14:56:47","slug":"continuan-los-reclamos-de-los-duenos-de-los-caballos-secuestrados","status":"publish","type":"post","link":"https:\/\/eldiariodesanpedro.com.ar\/sitio\/continuan-los-reclamos-de-los-duenos-de-los-caballos-secuestrados\/","title":{"rendered":"Contin\u00faan los reclamos de los due\u00f1os de los caballos secuestrados"},"content":{"rendered":"<p><!-- VideographyWP Plugin Message: Automatic video embedding prevented by plugin options. --><br \/>\nMuchos de los due\u00f1os de equinos que han sido secuestrados se han manifestado en contra de las sanciones econ\u00f3micas impuestas tras el secuestro de los animales que se hallaban libres en la v\u00eda p\u00fablica. Otros han aceptado la situaci\u00f3n y las responsabilidades, pero tambi\u00e9n se han mostrado preocupados por el estado de los caballos en el Corral\u00f3n municipal.<br \/>\nDialogamos con uno de ellos, Dami\u00e1n Crespien, quien manifest\u00f3: \u201cYo lo \u00fanico que quiero, les estoy pidiendo a las autoridades de la Municipalidad que mueven los animales de donde est\u00e1n, est\u00e1n en el barro, hay animales que hace m\u00e1s de 10 d\u00edas que est\u00e1n ah\u00ed\u201d.<br \/>\nEn tanto que agreg\u00f3: \u201cMe parece perfecto el tema de la multa y que cada cual pague si andaban los animales sueltos\u201d. \u201cPero me parece injusto que est\u00e9n en el barro, si los pueden mover, hay un potrero grand\u00edsimo al lado\u201d.<br \/>\nOtros que se hallaban en el \u201cpolo de seguridad\u201d se quejaban de los altos costos de la multas, asegurando que, en algunos casos, los caballos ten\u00edan un costo menor a la sanci\u00f3n impuesta.<\/p>\n","protected":false},"excerpt":{"rendered":"<p>Muchos de los due\u00f1os de equinos que han sido secuestrados se han manifestado en contra de las sanciones econ\u00f3micas impuestas tras el secuestro de los animales que se hallaban libres en la v\u00eda p\u00fablica. Otros han aceptado la situaci\u00f3n y las responsabilidades, pero tambi\u00e9n se han mostrado preocupados por el estado de los caballos en [&hellip;]<\/p>\n","protected":false},"author":4,"featured_media":6472,"comment_status":"open","ping_status":"closed","sticky":false,"template":"","format":"standard","meta":{"om_disable_all_campaigns":false,"_jetpack_memberships_contains_paid_content":false,"footnotes":""},"categories":[50,101,2],"tags":[],"class_list":["post-6471","post","type-post","status-publish","format-standard","has-post-thumbnail","hentry","category-destacadas","category-interes-general-locales","category-locales"],"aioseo_notices":[],"gutentor_comment":0,"jetpack_featured_media_url":"https:\/\/eldiariodesanpedro.com.ar\/sitio\/wp-content\/uploads\/2016\/07\/PAGINA-3-14.jpg","jetpack_shortlink":"https:\/\/wp.me\/p6RhLt-1Gn","jetpack_sharing_enabled":true,"_links":{"self":[{"href":"https:\/\/eldiariodesanpedro.com.ar\/sitio\/wp-json\/wp\/v2\/posts\/6471","targetHints":{"allow":["GET"]}}],"collection":[{"href":"https:\/\/eldiariodesanpedro.com.ar\/sitio\/wp-json\/wp\/v2\/posts"}],"about":[{"href":"https:\/\/eldiariodesanpedro.com.ar\/sitio\/wp-json\/wp\/v2\/types\/post"}],"author":[{"embeddable":true,"href":"https:\/\/eldiariodesanpedro.com.ar\/sitio\/wp-json\/wp\/v2\/users\/4"}],"replies":[{"embeddable":true,"href":"https:\/\/eldiariodesanpedro.com.ar\/sitio\/wp-json\/wp\/v2\/comments?post=6471"}],"version-history":[{"count":1,"href":"https:\/\/eldiariodesanpedro.com.ar\/sitio\/wp-json\/wp\/v2\/posts\/6471\/revisions"}],"predecessor-version":[{"id":6473,"href":"https:\/\/eldiariodesanpedro.com.ar\/sitio\/wp-json\/wp\/v2\/posts\/6471\/revisions\/6473"}],"wp:featuredmedia":[{"embeddable":true,"href":"https:\/\/eldiariodesanpedro.com.ar\/sitio\/wp-json\/wp\/v2\/media\/6472"}],"wp:attachment":[{"href":"https:\/\/eldiariodesanpedro.com.ar\/sitio\/wp-json\/wp\/v2\/media?parent=6471"}],"wp:term":[{"taxonomy":"category","embeddable":true,"href":"https:\/\/eldiariodesanpedro.com.ar\/sitio\/wp-json\/wp\/v2\/categories?post=6471"},{"taxonomy":"post_tag","embeddable":true,"href":"https:\/\/eldiariodesanpedro.com.ar\/sitio\/wp-json\/wp\/v2\/tags?post=6471"}],"curies":[{"name":"wp","href":"https:\/\/api.w.org\/{rel}","templated":true}]}}