{"id":64701,"date":"2019-11-27T11:56:52","date_gmt":"2019-11-27T14:56:52","guid":{"rendered":"https:\/\/eldiariodesanpedro.com.ar\/sitio\/?p=64701"},"modified":"2019-11-27T11:56:58","modified_gmt":"2019-11-27T14:56:58","slug":"denuncias-por-amenazas-hallazgo-de-moto-abandonada-y-un-aprehendido-por-paradero-activo","status":"publish","type":"post","link":"https:\/\/eldiariodesanpedro.com.ar\/sitio\/denuncias-por-amenazas-hallazgo-de-moto-abandonada-y-un-aprehendido-por-paradero-activo\/","title":{"rendered":"Denuncias por amenazas, hallazgo de moto abandonada y un aprehendido por paradero activo"},"content":{"rendered":"<!-- VideographyWP Plugin Message: Automatic video embedding prevented by plugin options. -->\n\n<p>Los hechos se encuentran radicados en la comisaria local interviniendo la Fiscalia N\u00ba11 en turno.<\/p>\n\n\n\n<p>El parte oficial policial cuenta con hechos de violencia, amenazas, allanamientos (ya publicados), aprehensiones y el hallazgo de un rodado abandonado en la via publica durante el dia martes.<\/p>\n\n\n\n<p>Primeramente en horas de la ma\u00f1ana un masculino de  64 a\u00f1os,  recibe golpes de pu\u00f1o de otro masculino,  caus\u00e1ndole lesiones de car\u00e1cter leve., a consecuencia de un conflicto de larga data.<\/p>\n\n\n\n<p>Tambi\u00e9n una femenina de 29, cont\u00f3 recibir amenazas por parte de otra femenina por un conflicto de vieja data.<\/p>\n\n\n\n<p>Luego, personal policial que se encontraba en recorrida sobre calle Mitre y Tres de Febrero,  procede a la aprehensi\u00f3n de un joven de 19, quien registra pedido de paradero activo por violencia. Registrando su caso la UFI del Joven de San Nicolas se notifica luego de su libertad.<\/p>\n\n\n\n<p>Por ultimo sobre inmediaciones de la calle Manuel Iglesias se procede al secuestro de una motocicleta 110 la cual se encontraba abandonada en la v\u00eda publica sin registrar pedido de secuestro.<\/p>\n","protected":false},"excerpt":{"rendered":"<p>Los hechos se encuentran radicados en la comisaria local interviniendo la Fiscalia N\u00ba11 en turno. El parte oficial policial cuenta con hechos de violencia, amenazas, allanamientos (ya publicados), aprehensiones y el hallazgo de un rodado abandonado en la via publica durante el dia martes. Primeramente en horas de la ma\u00f1ana un masculino de 64 a\u00f1os, [&hellip;]<\/p>\n","protected":false},"author":4,"featured_media":58374,"comment_status":"open","ping_status":"closed","sticky":false,"template":"","format":"standard","meta":{"om_disable_all_campaigns":false,"_jetpack_memberships_contains_paid_content":false,"footnotes":""},"categories":[2,103],"tags":[],"class_list":["post-64701","post","type-post","status-publish","format-standard","has-post-thumbnail","hentry","category-locales","category-policiales-locales"],"aioseo_notices":[],"gutentor_comment":0,"jetpack_featured_media_url":"https:\/\/eldiariodesanpedro.com.ar\/sitio\/wp-content\/uploads\/2019\/08\/comisaria-696x510.jpg","jetpack_shortlink":"https:\/\/wp.me\/p6RhLt-gPz","jetpack_sharing_enabled":true,"_links":{"self":[{"href":"https:\/\/eldiariodesanpedro.com.ar\/sitio\/wp-json\/wp\/v2\/posts\/64701","targetHints":{"allow":["GET"]}}],"collection":[{"href":"https:\/\/eldiariodesanpedro.com.ar\/sitio\/wp-json\/wp\/v2\/posts"}],"about":[{"href":"https:\/\/eldiariodesanpedro.com.ar\/sitio\/wp-json\/wp\/v2\/types\/post"}],"author":[{"embeddable":true,"href":"https:\/\/eldiariodesanpedro.com.ar\/sitio\/wp-json\/wp\/v2\/users\/4"}],"replies":[{"embeddable":true,"href":"https:\/\/eldiariodesanpedro.com.ar\/sitio\/wp-json\/wp\/v2\/comments?post=64701"}],"version-history":[{"count":1,"href":"https:\/\/eldiariodesanpedro.com.ar\/sitio\/wp-json\/wp\/v2\/posts\/64701\/revisions"}],"predecessor-version":[{"id":64702,"href":"https:\/\/eldiariodesanpedro.com.ar\/sitio\/wp-json\/wp\/v2\/posts\/64701\/revisions\/64702"}],"wp:featuredmedia":[{"embeddable":true,"href":"https:\/\/eldiariodesanpedro.com.ar\/sitio\/wp-json\/wp\/v2\/media\/58374"}],"wp:attachment":[{"href":"https:\/\/eldiariodesanpedro.com.ar\/sitio\/wp-json\/wp\/v2\/media?parent=64701"}],"wp:term":[{"taxonomy":"category","embeddable":true,"href":"https:\/\/eldiariodesanpedro.com.ar\/sitio\/wp-json\/wp\/v2\/categories?post=64701"},{"taxonomy":"post_tag","embeddable":true,"href":"https:\/\/eldiariodesanpedro.com.ar\/sitio\/wp-json\/wp\/v2\/tags?post=64701"}],"curies":[{"name":"wp","href":"https:\/\/api.w.org\/{rel}","templated":true}]}}