{"id":64699,"date":"2019-11-27T11:41:03","date_gmt":"2019-11-27T14:41:03","guid":{"rendered":"https:\/\/eldiariodesanpedro.com.ar\/sitio\/?p=64699"},"modified":"2019-11-27T11:41:08","modified_gmt":"2019-11-27T14:41:08","slug":"allanamiento-por-tenencia-de-armas","status":"publish","type":"post","link":"https:\/\/eldiariodesanpedro.com.ar\/sitio\/allanamiento-por-tenencia-de-armas\/","title":{"rendered":"Allanamiento por tenencia de armas"},"content":{"rendered":"<!-- VideographyWP Plugin Message: Automatic video embedding prevented by plugin options. -->\n\n<p>Se realiz\u00f3 la diligencia en busca de armas denunciadas por un hecho de amenazas,  pero s\u00f3lo se encontraron cartuchos intactos de su procedencia.<\/p>\n\n\n\n<p>Durante el d\u00eda martes, personal del Gabinete Criminologico junto a  personal de DDI local  y personal de comisar\u00eda de la Mujer y la Flia procedieron a dar cumplimento a una diligencia de allanamiento.<\/p>\n\n\n\n<p>Tras tareas investigativas por causa de  AMENAZAS AGRAVADAS iniciado en esta \u00faltima dependencia, se realizo el procedimiento en un domicilio,  sito en calles Lavalle al 1000 donde se  procede al secuestro de dos cartuchos intactos.<\/p>\n\n\n\n<p>El objetivo era el secuestro de armas fuego denunciadas, pero resulto negativo, solo se encontraron cartuchos.<\/p>\n\n\n\n<p> Intervenci\u00f3n. UFI N\u00b05<\/p>\n","protected":false},"excerpt":{"rendered":"<p>Se realiz\u00f3 la diligencia en busca de armas denunciadas por un hecho de amenazas, pero s\u00f3lo se encontraron cartuchos intactos de su procedencia. Durante el d\u00eda martes, personal del Gabinete Criminologico junto a personal de DDI local y personal de comisar\u00eda de la Mujer y la Flia procedieron a dar cumplimento a una diligencia de [&hellip;]<\/p>\n","protected":false},"author":4,"featured_media":64449,"comment_status":"open","ping_status":"closed","sticky":false,"template":"","format":"standard","meta":{"om_disable_all_campaigns":false,"_jetpack_memberships_contains_paid_content":false,"footnotes":""},"categories":[2,103],"tags":[],"class_list":["post-64699","post","type-post","status-publish","format-standard","has-post-thumbnail","hentry","category-locales","category-policiales-locales"],"aioseo_notices":[],"gutentor_comment":0,"jetpack_featured_media_url":"https:\/\/eldiariodesanpedro.com.ar\/sitio\/wp-content\/uploads\/2019\/11\/patrullero-policia_10.jpg","jetpack_shortlink":"https:\/\/wp.me\/p6RhLt-gPx","jetpack_sharing_enabled":true,"_links":{"self":[{"href":"https:\/\/eldiariodesanpedro.com.ar\/sitio\/wp-json\/wp\/v2\/posts\/64699","targetHints":{"allow":["GET"]}}],"collection":[{"href":"https:\/\/eldiariodesanpedro.com.ar\/sitio\/wp-json\/wp\/v2\/posts"}],"about":[{"href":"https:\/\/eldiariodesanpedro.com.ar\/sitio\/wp-json\/wp\/v2\/types\/post"}],"author":[{"embeddable":true,"href":"https:\/\/eldiariodesanpedro.com.ar\/sitio\/wp-json\/wp\/v2\/users\/4"}],"replies":[{"embeddable":true,"href":"https:\/\/eldiariodesanpedro.com.ar\/sitio\/wp-json\/wp\/v2\/comments?post=64699"}],"version-history":[{"count":1,"href":"https:\/\/eldiariodesanpedro.com.ar\/sitio\/wp-json\/wp\/v2\/posts\/64699\/revisions"}],"predecessor-version":[{"id":64700,"href":"https:\/\/eldiariodesanpedro.com.ar\/sitio\/wp-json\/wp\/v2\/posts\/64699\/revisions\/64700"}],"wp:featuredmedia":[{"embeddable":true,"href":"https:\/\/eldiariodesanpedro.com.ar\/sitio\/wp-json\/wp\/v2\/media\/64449"}],"wp:attachment":[{"href":"https:\/\/eldiariodesanpedro.com.ar\/sitio\/wp-json\/wp\/v2\/media?parent=64699"}],"wp:term":[{"taxonomy":"category","embeddable":true,"href":"https:\/\/eldiariodesanpedro.com.ar\/sitio\/wp-json\/wp\/v2\/categories?post=64699"},{"taxonomy":"post_tag","embeddable":true,"href":"https:\/\/eldiariodesanpedro.com.ar\/sitio\/wp-json\/wp\/v2\/tags?post=64699"}],"curies":[{"name":"wp","href":"https:\/\/api.w.org\/{rel}","templated":true}]}}