{"id":64696,"date":"2019-11-27T11:23:49","date_gmt":"2019-11-27T14:23:49","guid":{"rendered":"https:\/\/eldiariodesanpedro.com.ar\/sitio\/?p=64696"},"modified":"2019-11-27T11:23:54","modified_gmt":"2019-11-27T14:23:54","slug":"motochorro-fue-aprehendido-in-fraganti-mientras-golpeaba-a-una-mujer-para-robarle","status":"publish","type":"post","link":"https:\/\/eldiariodesanpedro.com.ar\/sitio\/motochorro-fue-aprehendido-in-fraganti-mientras-golpeaba-a-una-mujer-para-robarle\/","title":{"rendered":"Motochorro fue aprehendido in fraganti mientras golpeaba a una mujer para robarle"},"content":{"rendered":"<!-- VideographyWP Plugin Message: Automatic video embedding prevented by plugin options. -->\n\n<p>El delincuente  se encontraba intentado tirar a una mujer de la moto cuando fue sorprendido por el personal policial que recorr\u00eda la zona. Fue aprehendido y trasladado a la dependencia local. La victima fue agredida f\u00edsicamente.<\/p>\n\n\n\n<p>Sucedi\u00f3 en los primeros minutos de esta ma\u00f1ana, cuando personal policial de recorrida, encontr\u00e1ndose en calle Almafuerte al 3000, sorprende a un  delincuente, quien de manera violenta despojaba de la moto a una mujer. <\/p>\n\n\n\n<p>La ciudadana de 41 a\u00f1os de edad, se dirig\u00eda a su domicilio tras su jornada laboral, cuando es sorprendida por el motochorro quien la empuja tir\u00e1ndola al piso para consumar el hecho, casi a la vista de la Polic\u00eda que patrullaba cuadra atr\u00e1s.<\/p>\n\n\n\n<p>Tras r\u00e1pido accionar los efectivos interceptan al sujeto recuperando la motocicleta que llevaba de tiro y proceden a su aprehensi\u00f3n. <\/p>\n\n\n\n<p>La victima sufri\u00f3 golpes asistida por el medico de guardia para luego realizar la denuncia correspondiente. <\/p>\n\n\n\n<p>El violento motochorro permanece alojado en sede policial a disposici\u00f3n de la fiscal\u00eda en turno local,  imputado del delito de ROBO.<\/p>\n","protected":false},"excerpt":{"rendered":"<p>El delincuente se encontraba intentado tirar a una mujer de la moto cuando fue sorprendido por el personal policial que recorr\u00eda la zona. Fue aprehendido y trasladado a la dependencia local. La victima fue agredida f\u00edsicamente. Sucedi\u00f3 en los primeros minutos de esta ma\u00f1ana, cuando personal policial de recorrida, encontr\u00e1ndose en calle Almafuerte al 3000, [&hellip;]<\/p>\n","protected":false},"author":4,"featured_media":64697,"comment_status":"open","ping_status":"closed","sticky":false,"template":"","format":"standard","meta":{"om_disable_all_campaigns":false,"_jetpack_memberships_contains_paid_content":false,"footnotes":""},"categories":[50,2,103],"tags":[],"class_list":["post-64696","post","type-post","status-publish","format-standard","has-post-thumbnail","hentry","category-destacadas","category-locales","category-policiales-locales"],"aioseo_notices":[],"gutentor_comment":0,"jetpack_featured_media_url":"https:\/\/eldiariodesanpedro.com.ar\/sitio\/wp-content\/uploads\/2019\/11\/103114.jpg","jetpack_shortlink":"https:\/\/wp.me\/p6RhLt-gPu","jetpack_sharing_enabled":true,"_links":{"self":[{"href":"https:\/\/eldiariodesanpedro.com.ar\/sitio\/wp-json\/wp\/v2\/posts\/64696","targetHints":{"allow":["GET"]}}],"collection":[{"href":"https:\/\/eldiariodesanpedro.com.ar\/sitio\/wp-json\/wp\/v2\/posts"}],"about":[{"href":"https:\/\/eldiariodesanpedro.com.ar\/sitio\/wp-json\/wp\/v2\/types\/post"}],"author":[{"embeddable":true,"href":"https:\/\/eldiariodesanpedro.com.ar\/sitio\/wp-json\/wp\/v2\/users\/4"}],"replies":[{"embeddable":true,"href":"https:\/\/eldiariodesanpedro.com.ar\/sitio\/wp-json\/wp\/v2\/comments?post=64696"}],"version-history":[{"count":1,"href":"https:\/\/eldiariodesanpedro.com.ar\/sitio\/wp-json\/wp\/v2\/posts\/64696\/revisions"}],"predecessor-version":[{"id":64698,"href":"https:\/\/eldiariodesanpedro.com.ar\/sitio\/wp-json\/wp\/v2\/posts\/64696\/revisions\/64698"}],"wp:featuredmedia":[{"embeddable":true,"href":"https:\/\/eldiariodesanpedro.com.ar\/sitio\/wp-json\/wp\/v2\/media\/64697"}],"wp:attachment":[{"href":"https:\/\/eldiariodesanpedro.com.ar\/sitio\/wp-json\/wp\/v2\/media?parent=64696"}],"wp:term":[{"taxonomy":"category","embeddable":true,"href":"https:\/\/eldiariodesanpedro.com.ar\/sitio\/wp-json\/wp\/v2\/categories?post=64696"},{"taxonomy":"post_tag","embeddable":true,"href":"https:\/\/eldiariodesanpedro.com.ar\/sitio\/wp-json\/wp\/v2\/tags?post=64696"}],"curies":[{"name":"wp","href":"https:\/\/api.w.org\/{rel}","templated":true}]}}