{"id":64690,"date":"2019-11-27T10:32:36","date_gmt":"2019-11-27T13:32:36","guid":{"rendered":"https:\/\/eldiariodesanpedro.com.ar\/sitio\/?p=64690"},"modified":"2019-11-27T10:32:42","modified_gmt":"2019-11-27T13:32:42","slug":"campana-gratuita-vih-en-la-clinica-sadiv","status":"publish","type":"post","link":"https:\/\/eldiariodesanpedro.com.ar\/sitio\/campana-gratuita-vih-en-la-clinica-sadiv\/","title":{"rendered":"Campa\u00f1a Gratuita VIH en la cl\u00ednica Sadiv"},"content":{"rendered":"<!-- VideographyWP Plugin Message: Automatic video embedding prevented by plugin options. -->\n\n<p>En el marco&nbsp;del&nbsp;<strong>D\u00eda Mundial del SIDA &#8211; HIV<\/strong><strong>&nbsp;<\/strong><strong>(Virus Inmunodeficiencia Humana<\/strong><strong>)<\/strong><strong>,&nbsp;<\/strong>conmemorado anualmente el 1\u00ba de diciembre, el Hospital Privado Sadiv&nbsp;emprender\u00e1 una&nbsp;<strong>Campa\u00f1a Gratuita<\/strong>&nbsp;dentro de la Instituci\u00f3n el pr\u00f3ximo&nbsp;lunes 2 de diciembre&nbsp;entre las&nbsp;09:00 y 14:00 Hs.&nbsp;(espacio Recepci\u00f3n General: Sarmiento 2795).<\/p>\n\n\n\n<p>Dicha campa\u00f1a est\u00e1 organizada con la siguiente log\u00edstica:<\/p>\n\n\n\n<p>&#8211;\u00a0\u00a0\u00a0\u00a0\u00a0\u00a0Proveer Informaci\u00f3n.<br>&#8211;\u00a0\u00a0\u00a0\u00a0\u00a0\u00a0Entrega de material de profilaxis y obsequio.<br>&#8211;\u00a0\u00a0\u00a0\u00a0\u00a0\u00a0An\u00e1lisis gratuitos de detecci\u00f3n (Test R\u00e1pido)<br>&#8211;\u00a0\u00a0\u00a0\u00a0\u00a0\u00a0Consulta m\u00e9dica posterior y resultados confidenciales en el momento.<\/p>\n\n\n\n<p>Todo esto ser\u00e1 Gratuito para el p\u00fablico que desee hacer el control necesario.<\/p>\n\n\n\n<figure class=\"wp-block-image\"><img decoding=\"async\" width=\"1024\" height=\"1024\" data-attachment-id=\"64692\" data-permalink=\"https:\/\/eldiariodesanpedro.com.ar\/sitio\/campana-gratuita-vih-en-la-clinica-sadiv\/flyer-test-rapido\/\" data-orig-file=\"https:\/\/eldiariodesanpedro.com.ar\/sitio\/wp-content\/uploads\/2019\/11\/Flyer-Test-R\u00e1pido.jpg\" data-orig-size=\"2500,2500\" data-comments-opened=\"1\" data-image-meta=\"{&quot;aperture&quot;:&quot;0&quot;,&quot;credit&quot;:&quot;&quot;,&quot;camera&quot;:&quot;&quot;,&quot;caption&quot;:&quot;&quot;,&quot;created_timestamp&quot;:&quot;0&quot;,&quot;copyright&quot;:&quot;&quot;,&quot;focal_length&quot;:&quot;0&quot;,&quot;iso&quot;:&quot;0&quot;,&quot;shutter_speed&quot;:&quot;0&quot;,&quot;title&quot;:&quot;&quot;,&quot;orientation&quot;:&quot;0&quot;}\" data-image-title=\"Flyer Test R\u00e1pido\" data-image-description=\"\" data-image-caption=\"\" data-large-file=\"https:\/\/eldiariodesanpedro.com.ar\/sitio\/wp-content\/uploads\/2019\/11\/Flyer-Test-R\u00e1pido-1024x1024.jpg\" data-src=\"https:\/\/eldiariodesanpedro.com.ar\/sitio\/wp-content\/uploads\/2019\/11\/Flyer-Test-R\u00e1pido-1024x1024.jpg\" alt=\"\" class=\"wp-image-64692 lazyload\" data-srcset=\"https:\/\/eldiariodesanpedro.com.ar\/sitio\/wp-content\/uploads\/2019\/11\/Flyer-Test-R\u00e1pido-1024x1024.jpg 1024w, https:\/\/eldiariodesanpedro.com.ar\/sitio\/wp-content\/uploads\/2019\/11\/Flyer-Test-R\u00e1pido-150x150.jpg 150w, https:\/\/eldiariodesanpedro.com.ar\/sitio\/wp-content\/uploads\/2019\/11\/Flyer-Test-R\u00e1pido-300x300.jpg 300w, https:\/\/eldiariodesanpedro.com.ar\/sitio\/wp-content\/uploads\/2019\/11\/Flyer-Test-R\u00e1pido-768x768.jpg 768w\" data-sizes=\"(max-width: 1024px) 100vw, 1024px\" src=\"data:image\/svg+xml;base64,PHN2ZyB3aWR0aD0iMSIgaGVpZ2h0PSIxIiB4bWxucz0iaHR0cDovL3d3dy53My5vcmcvMjAwMC9zdmciPjwvc3ZnPg==\" style=\"--smush-placeholder-width: 1024px; --smush-placeholder-aspect-ratio: 1024\/1024;\" \/><\/figure>\n","protected":false},"excerpt":{"rendered":"<p>En el marco&nbsp;del&nbsp;D\u00eda Mundial del SIDA &#8211; HIV&nbsp;(Virus Inmunodeficiencia Humana),&nbsp;conmemorado anualmente el 1\u00ba de diciembre, el Hospital Privado Sadiv&nbsp;emprender\u00e1 una&nbsp;Campa\u00f1a Gratuita&nbsp;dentro de la Instituci\u00f3n el pr\u00f3ximo&nbsp;lunes 2 de diciembre&nbsp;entre las&nbsp;09:00 y 14:00 Hs.&nbsp;(espacio Recepci\u00f3n General: Sarmiento 2795). Dicha campa\u00f1a est\u00e1 organizada con la siguiente log\u00edstica: &#8211;\u00a0\u00a0\u00a0\u00a0\u00a0\u00a0Proveer Informaci\u00f3n.&#8211;\u00a0\u00a0\u00a0\u00a0\u00a0\u00a0Entrega de material de profilaxis y obsequio.&#8211;\u00a0\u00a0\u00a0\u00a0\u00a0\u00a0An\u00e1lisis gratuitos de [&hellip;]<\/p>\n","protected":false},"author":4,"featured_media":64691,"comment_status":"open","ping_status":"closed","sticky":false,"template":"","format":"standard","meta":{"om_disable_all_campaigns":false,"_jetpack_memberships_contains_paid_content":false,"footnotes":""},"categories":[101,2],"tags":[],"class_list":["post-64690","post","type-post","status-publish","format-standard","has-post-thumbnail","hentry","category-interes-general-locales","category-locales"],"aioseo_notices":[],"gutentor_comment":0,"jetpack_featured_media_url":"https:\/\/eldiariodesanpedro.com.ar\/sitio\/wp-content\/uploads\/2019\/11\/Flyer-Campa\u00f1a.jpg","jetpack_shortlink":"https:\/\/wp.me\/p6RhLt-gPo","jetpack_sharing_enabled":true,"_links":{"self":[{"href":"https:\/\/eldiariodesanpedro.com.ar\/sitio\/wp-json\/wp\/v2\/posts\/64690","targetHints":{"allow":["GET"]}}],"collection":[{"href":"https:\/\/eldiariodesanpedro.com.ar\/sitio\/wp-json\/wp\/v2\/posts"}],"about":[{"href":"https:\/\/eldiariodesanpedro.com.ar\/sitio\/wp-json\/wp\/v2\/types\/post"}],"author":[{"embeddable":true,"href":"https:\/\/eldiariodesanpedro.com.ar\/sitio\/wp-json\/wp\/v2\/users\/4"}],"replies":[{"embeddable":true,"href":"https:\/\/eldiariodesanpedro.com.ar\/sitio\/wp-json\/wp\/v2\/comments?post=64690"}],"version-history":[{"count":1,"href":"https:\/\/eldiariodesanpedro.com.ar\/sitio\/wp-json\/wp\/v2\/posts\/64690\/revisions"}],"predecessor-version":[{"id":64693,"href":"https:\/\/eldiariodesanpedro.com.ar\/sitio\/wp-json\/wp\/v2\/posts\/64690\/revisions\/64693"}],"wp:featuredmedia":[{"embeddable":true,"href":"https:\/\/eldiariodesanpedro.com.ar\/sitio\/wp-json\/wp\/v2\/media\/64691"}],"wp:attachment":[{"href":"https:\/\/eldiariodesanpedro.com.ar\/sitio\/wp-json\/wp\/v2\/media?parent=64690"}],"wp:term":[{"taxonomy":"category","embeddable":true,"href":"https:\/\/eldiariodesanpedro.com.ar\/sitio\/wp-json\/wp\/v2\/categories?post=64690"},{"taxonomy":"post_tag","embeddable":true,"href":"https:\/\/eldiariodesanpedro.com.ar\/sitio\/wp-json\/wp\/v2\/tags?post=64690"}],"curies":[{"name":"wp","href":"https:\/\/api.w.org\/{rel}","templated":true}]}}