{"id":6469,"date":"2016-07-29T11:54:25","date_gmt":"2016-07-29T14:54:25","guid":{"rendered":"https:\/\/eldiariodesanpedro.com.ar\/sitio\/?p=6469"},"modified":"2016-07-29T11:54:25","modified_gmt":"2016-07-29T14:54:25","slug":"el-ministro-de-economia-de-la-provincia-de-buenos-aires-visito-la-ciudad","status":"publish","type":"post","link":"https:\/\/eldiariodesanpedro.com.ar\/sitio\/el-ministro-de-economia-de-la-provincia-de-buenos-aires-visito-la-ciudad\/","title":{"rendered":"El ministro de Econom\u00eda de la provincia de Buenos Aires visit\u00f3 la ciudad"},"content":{"rendered":"<p><!-- VideographyWP Plugin Message: Automatic video embedding prevented by plugin options. --><br \/>\nHern\u00e1n Lacunza fue recibido ayer por el intendente municipal Cecilio Salazar, en un encuentro en el que tuvo contacto con el equipo econ\u00f3mico. Luego, realiz\u00f3 una recorrida por la ciudad, donde el mandatario comunal pudo mostrarle los proyectos que tienen en mente para San Pedro. En tanto, m\u00e1s tarde mantuvo una reuni\u00f3n con empresarios locales.<br \/>\nAsimismo, se llev\u00f3 a cabo una conferencia de prensa en el CIC. \u201cPara nosotros es muy importante la visita del ministro\u201d, dijo Salazar y agreg\u00f3: \u201cEstuvimos dando una vuelta con el ministro, recorrimos algunos barrios y creo que se lleva un panorama bastante extenso de lo que es San Pedro\u201d.<br \/>\nPor su parte, Lacunza afirm\u00f3: \u201cVeo una ciudad con muchas ganas de crecer y de invertir en infraestructura, que est\u00e1 muy rezagada\u201d.<br \/>\n\u201cEncontramos un municipio en transici\u00f3n hacia un orden mucho m\u00e1s saludable. El punto de partida, como dijo el intendente Cecilio y ustedes lo saben mejor que nosotros, fue muy dif\u00edcil. Fue una herencia muy pesada\u201d, sostuvo.<br \/>\nEn tanto, dijo que est\u00e1n abiertos a \u201cproyectos serios que traen mayor bienestar a los vecinos. Va a contar con el apoyo de la Provincia y eso lo implementamos para que sean abiertos a todos y transparentes a trav\u00e9s del presupuesto\u201d. Y manifest\u00f3: \u201cLo que s\u00ed tiene garantizado San Pedro son los fondos, convencionales de coparticipaci\u00f3n, pero adem\u00e1s todos los fondos de infraestructura que est\u00e1n previstos para la Provincia, m\u00e1s un fondo espec\u00edfico para Seguridad\u201d.<br \/>\n\u201cEstoy entusiasmado porque, si bien el puerto de partida fue dif\u00edcil, creo que vamos por el camino correcto\u201d, sostuvo el funcionario provincial.<\/p>\n","protected":false},"excerpt":{"rendered":"<p>Hern\u00e1n Lacunza fue recibido ayer por el intendente municipal Cecilio Salazar, en un encuentro en el que tuvo contacto con el equipo econ\u00f3mico. Luego, realiz\u00f3 una recorrida por la ciudad, donde el mandatario comunal pudo mostrarle los proyectos que tienen en mente para San Pedro. En tanto, m\u00e1s tarde mantuvo una reuni\u00f3n con empresarios locales. [&hellip;]<\/p>\n","protected":false},"author":4,"featured_media":6464,"comment_status":"open","ping_status":"closed","sticky":false,"template":"","format":"standard","meta":{"om_disable_all_campaigns":false,"_jetpack_memberships_contains_paid_content":false,"footnotes":""},"categories":[50,2,102],"tags":[],"class_list":["post-6469","post","type-post","status-publish","format-standard","has-post-thumbnail","hentry","category-destacadas","category-locales","category-politica-locales"],"aioseo_notices":[],"gutentor_comment":0,"jetpack_featured_media_url":"https:\/\/eldiariodesanpedro.com.ar\/sitio\/wp-content\/uploads\/2016\/07\/PAGINA-4-16.jpg","jetpack_shortlink":"https:\/\/wp.me\/p6RhLt-1Gl","jetpack_sharing_enabled":true,"_links":{"self":[{"href":"https:\/\/eldiariodesanpedro.com.ar\/sitio\/wp-json\/wp\/v2\/posts\/6469","targetHints":{"allow":["GET"]}}],"collection":[{"href":"https:\/\/eldiariodesanpedro.com.ar\/sitio\/wp-json\/wp\/v2\/posts"}],"about":[{"href":"https:\/\/eldiariodesanpedro.com.ar\/sitio\/wp-json\/wp\/v2\/types\/post"}],"author":[{"embeddable":true,"href":"https:\/\/eldiariodesanpedro.com.ar\/sitio\/wp-json\/wp\/v2\/users\/4"}],"replies":[{"embeddable":true,"href":"https:\/\/eldiariodesanpedro.com.ar\/sitio\/wp-json\/wp\/v2\/comments?post=6469"}],"version-history":[{"count":1,"href":"https:\/\/eldiariodesanpedro.com.ar\/sitio\/wp-json\/wp\/v2\/posts\/6469\/revisions"}],"predecessor-version":[{"id":6470,"href":"https:\/\/eldiariodesanpedro.com.ar\/sitio\/wp-json\/wp\/v2\/posts\/6469\/revisions\/6470"}],"wp:featuredmedia":[{"embeddable":true,"href":"https:\/\/eldiariodesanpedro.com.ar\/sitio\/wp-json\/wp\/v2\/media\/6464"}],"wp:attachment":[{"href":"https:\/\/eldiariodesanpedro.com.ar\/sitio\/wp-json\/wp\/v2\/media?parent=6469"}],"wp:term":[{"taxonomy":"category","embeddable":true,"href":"https:\/\/eldiariodesanpedro.com.ar\/sitio\/wp-json\/wp\/v2\/categories?post=6469"},{"taxonomy":"post_tag","embeddable":true,"href":"https:\/\/eldiariodesanpedro.com.ar\/sitio\/wp-json\/wp\/v2\/tags?post=6469"}],"curies":[{"name":"wp","href":"https:\/\/api.w.org\/{rel}","templated":true}]}}