{"id":64687,"date":"2019-11-27T10:20:17","date_gmt":"2019-11-27T13:20:17","guid":{"rendered":"https:\/\/eldiariodesanpedro.com.ar\/sitio\/?p=64687"},"modified":"2019-11-27T10:20:23","modified_gmt":"2019-11-27T13:20:23","slug":"san-nicolas-cuantioso-robo-a-propietario-de-una-inmobiliaria","status":"publish","type":"post","link":"https:\/\/eldiariodesanpedro.com.ar\/sitio\/san-nicolas-cuantioso-robo-a-propietario-de-una-inmobiliaria\/","title":{"rendered":"SAN NICOLAS | Cuantioso robo a propietario de una inmobiliaria"},"content":{"rendered":"<!-- VideographyWP Plugin Message: Automatic video embedding prevented by plugin options. -->\n\n<p>\n\nAntes del mediod\u00eda el propietario de la inmobiliaria Heymo dej\u00f3 su coche Chevrolet Cruze estacionado en cercan\u00edas de su comercio, ubicado en Falc\u00f3n a metros de Don Bosco para ingresar a una ferreter\u00eda.<\/p>\n\n\n\n<p>Trascendi\u00f3 que momentos antes hab\u00eda realizado una transacci\u00f3n comercial, guardando una importante suma de dinero envuelta en un sweater en el asiento delantero. Luego par\u00f3 por breves minutos en un comercio cercano a la inmobiliaria y al regresar observ\u00f3 la rotura de la ventanilla del acompa\u00f1ante.<\/p>\n\n\n\n<p>Sujetos ignorados le sustrajeron una suma millonaria, lo que gener\u00f3 el llamado urgente al 911, y gran cantidad de patrulleros llegaron al lugar. Los vecinos comentaron a esta redacci\u00f3n que la v\u00edctima estaba sumida en un estado de desesperaci\u00f3n y a los gritos solicitando ayuda.<\/p>\n\n\n\n<p>Personal de la Brigada de Investigaciones est\u00e1n a cargo de las tareas y se encuentran abocados a la b\u00fasqueda de im\u00e1genes registradas por las c\u00e1maras de la zona. Como as\u00ed tambi\u00e9n seguir las pistas de las personas que sab\u00edan de la operaci\u00f3n comercial y el recorrido del mismo. <\/p>\n\n\n\n<p>Fuente: <a href=\"http:\/\/www.diarioelinformante.com.ar\/nota-55146_cuantioso-robo-a-propietario-de-una-inmobiliaria\">Diario El Informante<\/a><\/p>\n","protected":false},"excerpt":{"rendered":"<p>Antes del mediod\u00eda el propietario de la inmobiliaria Heymo dej\u00f3 su coche Chevrolet Cruze estacionado en cercan\u00edas de su comercio, ubicado en Falc\u00f3n a metros de Don Bosco para ingresar a una ferreter\u00eda. Trascendi\u00f3 que momentos antes hab\u00eda realizado una transacci\u00f3n comercial, guardando una importante suma de dinero envuelta en un sweater en el asiento [&hellip;]<\/p>\n","protected":false},"author":4,"featured_media":64688,"comment_status":"open","ping_status":"closed","sticky":false,"template":"","format":"standard","meta":{"om_disable_all_campaigns":false,"_jetpack_memberships_contains_paid_content":false,"footnotes":""},"categories":[621],"tags":[],"class_list":["post-64687","post","type-post","status-publish","format-standard","has-post-thumbnail","hentry","category-regionales"],"aioseo_notices":[],"gutentor_comment":0,"jetpack_featured_media_url":"https:\/\/eldiariodesanpedro.com.ar\/sitio\/wp-content\/uploads\/2019\/11\/no_nj07bh28oi2gzfxfalcon_editada.jpg","jetpack_shortlink":"https:\/\/wp.me\/p6RhLt-gPl","jetpack_sharing_enabled":true,"_links":{"self":[{"href":"https:\/\/eldiariodesanpedro.com.ar\/sitio\/wp-json\/wp\/v2\/posts\/64687","targetHints":{"allow":["GET"]}}],"collection":[{"href":"https:\/\/eldiariodesanpedro.com.ar\/sitio\/wp-json\/wp\/v2\/posts"}],"about":[{"href":"https:\/\/eldiariodesanpedro.com.ar\/sitio\/wp-json\/wp\/v2\/types\/post"}],"author":[{"embeddable":true,"href":"https:\/\/eldiariodesanpedro.com.ar\/sitio\/wp-json\/wp\/v2\/users\/4"}],"replies":[{"embeddable":true,"href":"https:\/\/eldiariodesanpedro.com.ar\/sitio\/wp-json\/wp\/v2\/comments?post=64687"}],"version-history":[{"count":1,"href":"https:\/\/eldiariodesanpedro.com.ar\/sitio\/wp-json\/wp\/v2\/posts\/64687\/revisions"}],"predecessor-version":[{"id":64689,"href":"https:\/\/eldiariodesanpedro.com.ar\/sitio\/wp-json\/wp\/v2\/posts\/64687\/revisions\/64689"}],"wp:featuredmedia":[{"embeddable":true,"href":"https:\/\/eldiariodesanpedro.com.ar\/sitio\/wp-json\/wp\/v2\/media\/64688"}],"wp:attachment":[{"href":"https:\/\/eldiariodesanpedro.com.ar\/sitio\/wp-json\/wp\/v2\/media?parent=64687"}],"wp:term":[{"taxonomy":"category","embeddable":true,"href":"https:\/\/eldiariodesanpedro.com.ar\/sitio\/wp-json\/wp\/v2\/categories?post=64687"},{"taxonomy":"post_tag","embeddable":true,"href":"https:\/\/eldiariodesanpedro.com.ar\/sitio\/wp-json\/wp\/v2\/tags?post=64687"}],"curies":[{"name":"wp","href":"https:\/\/api.w.org\/{rel}","templated":true}]}}