{"id":64685,"date":"2019-11-27T10:18:38","date_gmt":"2019-11-27T13:18:38","guid":{"rendered":"https:\/\/eldiariodesanpedro.com.ar\/sitio\/?p=64685"},"modified":"2019-11-27T10:18:44","modified_gmt":"2019-11-27T13:18:44","slug":"campana-los-trabajadores-municipales-tendran-un-nuevo-aumento-salarial-y-bono-navideno","status":"publish","type":"post","link":"https:\/\/eldiariodesanpedro.com.ar\/sitio\/campana-los-trabajadores-municipales-tendran-un-nuevo-aumento-salarial-y-bono-navideno\/","title":{"rendered":"CAMPANA | Los trabajadores municipales tendr\u00e1n un nuevo aumento salarial y \u00abbono navide\u00f1o\u00bb"},"content":{"rendered":"<!-- VideographyWP Plugin Message: Automatic video embedding prevented by plugin options. -->\n\n<p> Ser\u00e1 de un 4% a cuenta de futuros aumentos. Adem\u00e1s, se inform\u00f3 que los trabajadores del municipio cobraran su aguinaldo el 19 de diciembre.<\/p>\n\n\n\n<p>\n\nEl intendente \u2013en uso de licencia- Sebasti\u00e1n Abella, anunci\u00f3 este mediod\u00eda en dialogo con la prensa, un nuevo aumento para los trabajadores municipales, y confirm\u00f3 el pago de un \u00abbono navide\u00f1o\u00bb para todos los trabajadores.<\/p>\n\n\n\n<p>Abella confirm\u00f3 un aumento del 4% con el sueldo de diciembre, acumulando de enero a diciembre un 47,15% de incremento. Este nuevo aumento es a cuenta de futuros aumentos: \u00abLos trabajadores no pueden esperar a que haya acuerdo en paritarias, yo tengo que pensar en ellos\u00bb.<\/p>\n\n\n\n<p>Asimismo confirm\u00f3 el pago de un bono en efectivo \u2013no remunerativo- de $5000 para todos los trabajadores, exceptuando la planta pol\u00edtica. Este se efectivizar\u00e1 junto con el aguinaldo el d\u00eda 19 de diciembre. <\/p>\n\n\n\n<p>Fuente: <a href=\"https:\/\/www.campananoticias.com\/noticia\/58175\/los-trabajadores-municipales-tendrn-un-nuevo-aumento-salarial-y-bono-navideo-\">Campana Noticias<\/a><\/p>\n","protected":false},"excerpt":{"rendered":"<p>Ser\u00e1 de un 4% a cuenta de futuros aumentos. Adem\u00e1s, se inform\u00f3 que los trabajadores del municipio cobraran su aguinaldo el 19 de diciembre. El intendente \u2013en uso de licencia- Sebasti\u00e1n Abella, anunci\u00f3 este mediod\u00eda en dialogo con la prensa, un nuevo aumento para los trabajadores municipales, y confirm\u00f3 el pago de un \u00abbono navide\u00f1o\u00bb [&hellip;]<\/p>\n","protected":false},"author":4,"featured_media":0,"comment_status":"open","ping_status":"closed","sticky":false,"template":"","format":"standard","meta":{"om_disable_all_campaigns":false,"_jetpack_memberships_contains_paid_content":false,"footnotes":""},"categories":[621],"tags":[],"class_list":["post-64685","post","type-post","status-publish","format-standard","hentry","category-regionales"],"aioseo_notices":[],"gutentor_comment":0,"jetpack_featured_media_url":"","jetpack_shortlink":"https:\/\/wp.me\/p6RhLt-gPj","jetpack_sharing_enabled":true,"_links":{"self":[{"href":"https:\/\/eldiariodesanpedro.com.ar\/sitio\/wp-json\/wp\/v2\/posts\/64685","targetHints":{"allow":["GET"]}}],"collection":[{"href":"https:\/\/eldiariodesanpedro.com.ar\/sitio\/wp-json\/wp\/v2\/posts"}],"about":[{"href":"https:\/\/eldiariodesanpedro.com.ar\/sitio\/wp-json\/wp\/v2\/types\/post"}],"author":[{"embeddable":true,"href":"https:\/\/eldiariodesanpedro.com.ar\/sitio\/wp-json\/wp\/v2\/users\/4"}],"replies":[{"embeddable":true,"href":"https:\/\/eldiariodesanpedro.com.ar\/sitio\/wp-json\/wp\/v2\/comments?post=64685"}],"version-history":[{"count":1,"href":"https:\/\/eldiariodesanpedro.com.ar\/sitio\/wp-json\/wp\/v2\/posts\/64685\/revisions"}],"predecessor-version":[{"id":64686,"href":"https:\/\/eldiariodesanpedro.com.ar\/sitio\/wp-json\/wp\/v2\/posts\/64685\/revisions\/64686"}],"wp:attachment":[{"href":"https:\/\/eldiariodesanpedro.com.ar\/sitio\/wp-json\/wp\/v2\/media?parent=64685"}],"wp:term":[{"taxonomy":"category","embeddable":true,"href":"https:\/\/eldiariodesanpedro.com.ar\/sitio\/wp-json\/wp\/v2\/categories?post=64685"},{"taxonomy":"post_tag","embeddable":true,"href":"https:\/\/eldiariodesanpedro.com.ar\/sitio\/wp-json\/wp\/v2\/tags?post=64685"}],"curies":[{"name":"wp","href":"https:\/\/api.w.org\/{rel}","templated":true}]}}