{"id":64682,"date":"2019-11-27T10:16:44","date_gmt":"2019-11-27T13:16:44","guid":{"rendered":"https:\/\/eldiariodesanpedro.com.ar\/sitio\/?p=64682"},"modified":"2019-11-27T10:16:50","modified_gmt":"2019-11-27T13:16:50","slug":"zarate-violenta-entradera-en-el-centro-zarateno-maniataron-a-un-anciano-y-roban-una-importante-suma-de-dinero","status":"publish","type":"post","link":"https:\/\/eldiariodesanpedro.com.ar\/sitio\/zarate-violenta-entradera-en-el-centro-zarateno-maniataron-a-un-anciano-y-roban-una-importante-suma-de-dinero\/","title":{"rendered":"Z\u00c1RATE | Violenta \u00abentradera\u00bb en el centro zarate\u00f1o: maniataron a un anciano y roban una importante suma de dinero"},"content":{"rendered":"<!-- VideographyWP Plugin Message: Automatic video embedding prevented by plugin options. -->\n\n<p>Pasadas las 17:30 hs. se produjo una violenta \u00abentradera\u00bb en una vivienda del centro zarate\u00f1o.<\/p>\n\n\n\n<p> Personal del Comando Patrulla se hizo presente en un domicilio de la calle Suipacha al 700, ante una denuncia telef\u00f3nica. En el lugar, el morador del inmueble se\u00f1al\u00f3 que tres sujetos, forzaron la puerta principal de la construcci\u00f3n y una vez en el interior lo redujeron, maniat\u00e1ndolo y dej\u00e1ndolo en el balc\u00f3n. En primer hab\u00eda sido asistido por un efectivo de DPU, que pasaba por el sitio y encontr\u00f3 al anciano en la calle, que solicit\u00f3 la intervenci\u00f3n policial. <\/p>\n\n\n\n<p>Tras una hora, la v\u00edctima de 90 a\u00f1os pudo zafar de las ligaduras y llamar a su hijo. Los malvivientes hab\u00edan huido llev\u00e1ndose una importante suma de dinero, adem\u00e1s de dos armas, una escopeta calibre 12 y una carabina 22.<\/p>\n\n\n\n<p>Intervino la UFI N\u00ba 7 de la Departamental Z\u00e1rate &#8211; Campana, a cargo del Dr. Araoz, que solicit\u00f3 la presencia de Polic\u00eda Cient\u00edfica, mientras que el Grupo T\u00e1ctico Operativo de Comisar\u00eda 1era. y efectivos de DDI, iniciaron la investigaci\u00f3n para dar con los malvivientes.<\/p>\n\n\n\n<p>Fuente: Enlace Critico<\/p>\n","protected":false},"excerpt":{"rendered":"<p>Pasadas las 17:30 hs. se produjo una violenta \u00abentradera\u00bb en una vivienda del centro zarate\u00f1o. Personal del Comando Patrulla se hizo presente en un domicilio de la calle Suipacha al 700, ante una denuncia telef\u00f3nica. En el lugar, el morador del inmueble se\u00f1al\u00f3 que tres sujetos, forzaron la puerta principal de la construcci\u00f3n y una [&hellip;]<\/p>\n","protected":false},"author":4,"featured_media":64683,"comment_status":"open","ping_status":"closed","sticky":false,"template":"","format":"standard","meta":{"om_disable_all_campaigns":false,"_jetpack_memberships_contains_paid_content":false,"footnotes":""},"categories":[621],"tags":[],"class_list":["post-64682","post","type-post","status-publish","format-standard","has-post-thumbnail","hentry","category-regionales"],"aioseo_notices":[],"gutentor_comment":0,"jetpack_featured_media_url":"https:\/\/eldiariodesanpedro.com.ar\/sitio\/wp-content\/uploads\/2019\/11\/b6504c4a-b7e3-4886-a3bc-d75e82e9e723_658x400.jpg","jetpack_shortlink":"https:\/\/wp.me\/p6RhLt-gPg","jetpack_sharing_enabled":true,"_links":{"self":[{"href":"https:\/\/eldiariodesanpedro.com.ar\/sitio\/wp-json\/wp\/v2\/posts\/64682","targetHints":{"allow":["GET"]}}],"collection":[{"href":"https:\/\/eldiariodesanpedro.com.ar\/sitio\/wp-json\/wp\/v2\/posts"}],"about":[{"href":"https:\/\/eldiariodesanpedro.com.ar\/sitio\/wp-json\/wp\/v2\/types\/post"}],"author":[{"embeddable":true,"href":"https:\/\/eldiariodesanpedro.com.ar\/sitio\/wp-json\/wp\/v2\/users\/4"}],"replies":[{"embeddable":true,"href":"https:\/\/eldiariodesanpedro.com.ar\/sitio\/wp-json\/wp\/v2\/comments?post=64682"}],"version-history":[{"count":1,"href":"https:\/\/eldiariodesanpedro.com.ar\/sitio\/wp-json\/wp\/v2\/posts\/64682\/revisions"}],"predecessor-version":[{"id":64684,"href":"https:\/\/eldiariodesanpedro.com.ar\/sitio\/wp-json\/wp\/v2\/posts\/64682\/revisions\/64684"}],"wp:featuredmedia":[{"embeddable":true,"href":"https:\/\/eldiariodesanpedro.com.ar\/sitio\/wp-json\/wp\/v2\/media\/64683"}],"wp:attachment":[{"href":"https:\/\/eldiariodesanpedro.com.ar\/sitio\/wp-json\/wp\/v2\/media?parent=64682"}],"wp:term":[{"taxonomy":"category","embeddable":true,"href":"https:\/\/eldiariodesanpedro.com.ar\/sitio\/wp-json\/wp\/v2\/categories?post=64682"},{"taxonomy":"post_tag","embeddable":true,"href":"https:\/\/eldiariodesanpedro.com.ar\/sitio\/wp-json\/wp\/v2\/tags?post=64682"}],"curies":[{"name":"wp","href":"https:\/\/api.w.org\/{rel}","templated":true}]}}