{"id":64678,"date":"2019-11-27T10:14:44","date_gmt":"2019-11-27T13:14:44","guid":{"rendered":"https:\/\/eldiariodesanpedro.com.ar\/sitio\/?p=64678"},"modified":"2019-11-27T10:14:49","modified_gmt":"2019-11-27T13:14:49","slug":"hay-38-casos-confirmados-de-sarampion-en-la-provincia-y-moreno-es-la-ciudad-mas-afectada","status":"publish","type":"post","link":"https:\/\/eldiariodesanpedro.com.ar\/sitio\/hay-38-casos-confirmados-de-sarampion-en-la-provincia-y-moreno-es-la-ciudad-mas-afectada\/","title":{"rendered":"Hay 38 casos confirmados de sarampi\u00f3n en la provincia y Moreno es la ciudad m\u00e1s afectada"},"content":{"rendered":"<!-- VideographyWP Plugin Message: Automatic video embedding prevented by plugin options. -->\n\n<p>Un informe oficial de la Secretar\u00eda de Salud de la Naci\u00f3n inform\u00f3 que los casos de sarampi\u00f3n en la Provincia se triplicaron en dos meses pasando de 13 a 38, mientras que la ciudad m\u00e1s afectada es Moreno, seguida a lo lejos por Ituzaing\u00f3 y La Matanza. <\/p>\n\n\n\n<figure class=\"wp-block-image\"><img decoding=\"async\" width=\"862\" height=\"818\" data-attachment-id=\"64679\" data-permalink=\"https:\/\/eldiariodesanpedro.com.ar\/sitio\/hay-38-casos-confirmados-de-sarampion-en-la-provincia-y-moreno-es-la-ciudad-mas-afectada\/105721_3\/\" data-orig-file=\"https:\/\/eldiariodesanpedro.com.ar\/sitio\/wp-content\/uploads\/2019\/11\/105721_3.jpg\" data-orig-size=\"862,818\" data-comments-opened=\"1\" data-image-meta=\"{&quot;aperture&quot;:&quot;0&quot;,&quot;credit&quot;:&quot;&quot;,&quot;camera&quot;:&quot;&quot;,&quot;caption&quot;:&quot;&quot;,&quot;created_timestamp&quot;:&quot;0&quot;,&quot;copyright&quot;:&quot;&quot;,&quot;focal_length&quot;:&quot;0&quot;,&quot;iso&quot;:&quot;0&quot;,&quot;shutter_speed&quot;:&quot;0&quot;,&quot;title&quot;:&quot;&quot;,&quot;orientation&quot;:&quot;0&quot;}\" data-image-title=\"105721_3\" data-image-description=\"\" data-image-caption=\"\" data-large-file=\"https:\/\/eldiariodesanpedro.com.ar\/sitio\/wp-content\/uploads\/2019\/11\/105721_3.jpg\" data-src=\"https:\/\/eldiariodesanpedro.com.ar\/sitio\/wp-content\/uploads\/2019\/11\/105721_3.jpg\" alt=\"\" class=\"wp-image-64679 lazyload\" data-srcset=\"https:\/\/eldiariodesanpedro.com.ar\/sitio\/wp-content\/uploads\/2019\/11\/105721_3.jpg 862w, https:\/\/eldiariodesanpedro.com.ar\/sitio\/wp-content\/uploads\/2019\/11\/105721_3-300x285.jpg 300w, https:\/\/eldiariodesanpedro.com.ar\/sitio\/wp-content\/uploads\/2019\/11\/105721_3-768x729.jpg 768w\" data-sizes=\"(max-width: 862px) 100vw, 862px\" src=\"data:image\/svg+xml;base64,PHN2ZyB3aWR0aD0iMSIgaGVpZ2h0PSIxIiB4bWxucz0iaHR0cDovL3d3dy53My5vcmcvMjAwMC9zdmciPjwvc3ZnPg==\" style=\"--smush-placeholder-width: 862px; --smush-placeholder-aspect-ratio: 862\/818;\" \/><\/figure>\n\n\n\n<p>El \u00faltimo bolet\u00edn de Salud, respecto al sarampi\u00f3n, develaron que hay 59 casos detectados en Argentina, 7 de ellos importados o relacionados a la importaci\u00f3n y 52 no cuentan con antecedentes de viaje o v\u00ednculo hasta el momento con casos importados. De ese total, 38 corresponden a casos en territorio bonaerense.<\/p>\n\n\n\n<p>\u00abEn la provincia de Buenos Aires se presentaron casos en los siguientes partidos: Hurlingham (1), Ituzaing\u00f3 (6), Lan\u00fas (1), La Matanza (6), Lomas de Zamora (3), Merlo (5), Moreno (12), Quilmes (1), Tigre (1) y Vicente L\u00f3pez (2). La fecha de exantema del \u00faltimo caso de CABA fue el 4 de octubre mientras que la fecha del \u00faltimo caso de Provincia de Buenos Aires fue el 11 de noviembre\u00bb, enumeraron en el mismo estudio.<\/p>\n\n\n\n<p>Seg\u00fan el mismo ente gubernamental el informe del 11 de octubre se contabilizaba 13 casos bonaerenses y 33 a nivel nacional. De acuerdo a los datos publicados se duplic\u00f3 la cantidad a nivel nacional y se triplic\u00f3 a nivel provincial. El municipio de Moreno duplica la cantidad de casos en Ituzaing\u00f3 y La Matanza y lejos se ubica del resto.<\/p>\n\n\n\n<p>Fuente: La Tecla<\/p>\n","protected":false},"excerpt":{"rendered":"<p>Un informe oficial de la Secretar\u00eda de Salud de la Naci\u00f3n inform\u00f3 que los casos de sarampi\u00f3n en la Provincia se triplicaron en dos meses pasando de 13 a 38, mientras que la ciudad m\u00e1s afectada es Moreno, seguida a lo lejos por Ituzaing\u00f3 y La Matanza. El \u00faltimo bolet\u00edn de Salud, respecto al sarampi\u00f3n, [&hellip;]<\/p>\n","protected":false},"author":4,"featured_media":64680,"comment_status":"open","ping_status":"closed","sticky":false,"template":"","format":"standard","meta":{"om_disable_all_campaigns":false,"_jetpack_memberships_contains_paid_content":false,"footnotes":""},"categories":[621],"tags":[],"class_list":["post-64678","post","type-post","status-publish","format-standard","has-post-thumbnail","hentry","category-regionales"],"aioseo_notices":[],"gutentor_comment":0,"jetpack_featured_media_url":"https:\/\/eldiariodesanpedro.com.ar\/sitio\/wp-content\/uploads\/2019\/11\/sarampion-vacunacion-inmunidad-rebano-2643.jpg","jetpack_shortlink":"https:\/\/wp.me\/p6RhLt-gPc","jetpack_sharing_enabled":true,"_links":{"self":[{"href":"https:\/\/eldiariodesanpedro.com.ar\/sitio\/wp-json\/wp\/v2\/posts\/64678","targetHints":{"allow":["GET"]}}],"collection":[{"href":"https:\/\/eldiariodesanpedro.com.ar\/sitio\/wp-json\/wp\/v2\/posts"}],"about":[{"href":"https:\/\/eldiariodesanpedro.com.ar\/sitio\/wp-json\/wp\/v2\/types\/post"}],"author":[{"embeddable":true,"href":"https:\/\/eldiariodesanpedro.com.ar\/sitio\/wp-json\/wp\/v2\/users\/4"}],"replies":[{"embeddable":true,"href":"https:\/\/eldiariodesanpedro.com.ar\/sitio\/wp-json\/wp\/v2\/comments?post=64678"}],"version-history":[{"count":1,"href":"https:\/\/eldiariodesanpedro.com.ar\/sitio\/wp-json\/wp\/v2\/posts\/64678\/revisions"}],"predecessor-version":[{"id":64681,"href":"https:\/\/eldiariodesanpedro.com.ar\/sitio\/wp-json\/wp\/v2\/posts\/64678\/revisions\/64681"}],"wp:featuredmedia":[{"embeddable":true,"href":"https:\/\/eldiariodesanpedro.com.ar\/sitio\/wp-json\/wp\/v2\/media\/64680"}],"wp:attachment":[{"href":"https:\/\/eldiariodesanpedro.com.ar\/sitio\/wp-json\/wp\/v2\/media?parent=64678"}],"wp:term":[{"taxonomy":"category","embeddable":true,"href":"https:\/\/eldiariodesanpedro.com.ar\/sitio\/wp-json\/wp\/v2\/categories?post=64678"},{"taxonomy":"post_tag","embeddable":true,"href":"https:\/\/eldiariodesanpedro.com.ar\/sitio\/wp-json\/wp\/v2\/tags?post=64678"}],"curies":[{"name":"wp","href":"https:\/\/api.w.org\/{rel}","templated":true}]}}