{"id":64675,"date":"2019-11-27T10:10:49","date_gmt":"2019-11-27T13:10:49","guid":{"rendered":"https:\/\/eldiariodesanpedro.com.ar\/sitio\/?p=64675"},"modified":"2019-11-27T10:10:55","modified_gmt":"2019-11-27T13:10:55","slug":"arrecifes-siguen-los-accidentes-en-la-nueva-autopista","status":"publish","type":"post","link":"https:\/\/eldiariodesanpedro.com.ar\/sitio\/arrecifes-siguen-los-accidentes-en-la-nueva-autopista\/","title":{"rendered":"ARRECIFES | Siguen los accidentes en la nueva autopista"},"content":{"rendered":"<!-- VideographyWP Plugin Message: Automatic video embedding prevented by plugin options. -->\n\n<p>La inauguraci\u00f3n de la \u00abvariante Arrecifes\u00bb de la nueva autopista 8 sin terminar y sin las medidas de seguridad correspondientes sigue generando accidentes.<\/p>\n\n\n\n<p>Desde el s\u00e1bado ya son tres los que se produjeron en el mismo tramo, cercano al Autom\u00f3vil Club Argentino.<\/p>\n\n\n\n<p>Primero fue un choque en un sector de autov\u00eda que sigue siendo doble mano; luego el vuelco de un veh\u00edculo en el que viajaban dos mujeres y anoche, el despiste de un cami\u00f3n que termin\u00f3 en el bad\u00e9n de separaci\u00f3n de las dos manos. Todos sin consecuencias f\u00edsicas para sus ocupantes, seg\u00fan inform\u00f3 el jefe del Cuerpo de Bomberos Voluntarios de Arrecifes, Fernando Ciongo, en Radio Uno (107.1).<\/p>\n\n\n\n<p>En la ma\u00f1ana de este martes estaba cortada la ruta para retirar al cami\u00f3n con una gr\u00faa.<\/p>\n\n\n\n<p>Fuente: Noticias Arrecifes<\/p>\n","protected":false},"excerpt":{"rendered":"<p>La inauguraci\u00f3n de la \u00abvariante Arrecifes\u00bb de la nueva autopista 8 sin terminar y sin las medidas de seguridad correspondientes sigue generando accidentes. Desde el s\u00e1bado ya son tres los que se produjeron en el mismo tramo, cercano al Autom\u00f3vil Club Argentino. Primero fue un choque en un sector de autov\u00eda que sigue siendo doble [&hellip;]<\/p>\n","protected":false},"author":4,"featured_media":64676,"comment_status":"open","ping_status":"closed","sticky":false,"template":"","format":"standard","meta":{"om_disable_all_campaigns":false,"_jetpack_memberships_contains_paid_content":false,"footnotes":""},"categories":[621],"tags":[],"class_list":["post-64675","post","type-post","status-publish","format-standard","has-post-thumbnail","hentry","category-regionales"],"aioseo_notices":[],"gutentor_comment":0,"jetpack_featured_media_url":"https:\/\/eldiariodesanpedro.com.ar\/sitio\/wp-content\/uploads\/2019\/11\/Vuelco-camion-autopista-694x510.jpg","jetpack_shortlink":"https:\/\/wp.me\/p6RhLt-gP9","jetpack_sharing_enabled":true,"_links":{"self":[{"href":"https:\/\/eldiariodesanpedro.com.ar\/sitio\/wp-json\/wp\/v2\/posts\/64675","targetHints":{"allow":["GET"]}}],"collection":[{"href":"https:\/\/eldiariodesanpedro.com.ar\/sitio\/wp-json\/wp\/v2\/posts"}],"about":[{"href":"https:\/\/eldiariodesanpedro.com.ar\/sitio\/wp-json\/wp\/v2\/types\/post"}],"author":[{"embeddable":true,"href":"https:\/\/eldiariodesanpedro.com.ar\/sitio\/wp-json\/wp\/v2\/users\/4"}],"replies":[{"embeddable":true,"href":"https:\/\/eldiariodesanpedro.com.ar\/sitio\/wp-json\/wp\/v2\/comments?post=64675"}],"version-history":[{"count":1,"href":"https:\/\/eldiariodesanpedro.com.ar\/sitio\/wp-json\/wp\/v2\/posts\/64675\/revisions"}],"predecessor-version":[{"id":64677,"href":"https:\/\/eldiariodesanpedro.com.ar\/sitio\/wp-json\/wp\/v2\/posts\/64675\/revisions\/64677"}],"wp:featuredmedia":[{"embeddable":true,"href":"https:\/\/eldiariodesanpedro.com.ar\/sitio\/wp-json\/wp\/v2\/media\/64676"}],"wp:attachment":[{"href":"https:\/\/eldiariodesanpedro.com.ar\/sitio\/wp-json\/wp\/v2\/media?parent=64675"}],"wp:term":[{"taxonomy":"category","embeddable":true,"href":"https:\/\/eldiariodesanpedro.com.ar\/sitio\/wp-json\/wp\/v2\/categories?post=64675"},{"taxonomy":"post_tag","embeddable":true,"href":"https:\/\/eldiariodesanpedro.com.ar\/sitio\/wp-json\/wp\/v2\/tags?post=64675"}],"curies":[{"name":"wp","href":"https:\/\/api.w.org\/{rel}","templated":true}]}}