{"id":64672,"date":"2019-11-27T10:09:04","date_gmt":"2019-11-27T13:09:04","guid":{"rendered":"https:\/\/eldiariodesanpedro.com.ar\/sitio\/?p=64672"},"modified":"2019-11-27T10:09:11","modified_gmt":"2019-11-27T13:09:11","slug":"arrecifes-primera-fiesta-del-ombu-y-el-caballo-criollo-en-vina","status":"publish","type":"post","link":"https:\/\/eldiariodesanpedro.com.ar\/sitio\/arrecifes-primera-fiesta-del-ombu-y-el-caballo-criollo-en-vina\/","title":{"rendered":"ARRECIFES | Primera Fiesta del Omb\u00fa y el Caballo Criollo en Vi\u00f1a"},"content":{"rendered":"<!-- VideographyWP Plugin Message: Automatic video embedding prevented by plugin options. -->\n\n<p>La Municipalidad de Arrecifes invita el domingo 1 de diciembre a la primera Fiesta del Omb\u00fa y el Caballo Criollo en Vi\u00f1a.<\/p>\n\n\n\n<p>A partir de las 11:00 en calle Planes frente al hist\u00f3rico omb\u00fa.<\/p>\n\n\n\n<ul class=\"wp-block-list\"><li>Desfile de Centros Tradicionalistas<\/li><li>Paseo de Artesanos<\/li><li>Shows musicales<\/li><li>Bailes tipicos<\/li><li>Elecci\u00f3n del mejor apero (pilcha y mejor montado)<\/li><li>Elecci\u00f3n de la Reina<\/li><li>Segundo encuentro de Bandas Municipales<\/li><\/ul>\n\n\n\n<p>Entrada libre y gratuita.<\/p>\n\n\n\n<p>Fuente: Noticias Arrecifes <\/p>\n","protected":false},"excerpt":{"rendered":"<p>La Municipalidad de Arrecifes invita el domingo 1 de diciembre a la primera Fiesta del Omb\u00fa y el Caballo Criollo en Vi\u00f1a. A partir de las 11:00 en calle Planes frente al hist\u00f3rico omb\u00fa. Desfile de Centros Tradicionalistas Paseo de Artesanos Shows musicales Bailes tipicos Elecci\u00f3n del mejor apero (pilcha y mejor montado) Elecci\u00f3n de [&hellip;]<\/p>\n","protected":false},"author":4,"featured_media":64673,"comment_status":"open","ping_status":"closed","sticky":false,"template":"","format":"standard","meta":{"om_disable_all_campaigns":false,"_jetpack_memberships_contains_paid_content":false,"footnotes":""},"categories":[621],"tags":[],"class_list":["post-64672","post","type-post","status-publish","format-standard","has-post-thumbnail","hentry","category-regionales"],"aioseo_notices":[],"gutentor_comment":0,"jetpack_featured_media_url":"https:\/\/eldiariodesanpedro.com.ar\/sitio\/wp-content\/uploads\/2019\/11\/vi\u00f1a.jpg","jetpack_shortlink":"https:\/\/wp.me\/p6RhLt-gP6","jetpack_sharing_enabled":true,"_links":{"self":[{"href":"https:\/\/eldiariodesanpedro.com.ar\/sitio\/wp-json\/wp\/v2\/posts\/64672","targetHints":{"allow":["GET"]}}],"collection":[{"href":"https:\/\/eldiariodesanpedro.com.ar\/sitio\/wp-json\/wp\/v2\/posts"}],"about":[{"href":"https:\/\/eldiariodesanpedro.com.ar\/sitio\/wp-json\/wp\/v2\/types\/post"}],"author":[{"embeddable":true,"href":"https:\/\/eldiariodesanpedro.com.ar\/sitio\/wp-json\/wp\/v2\/users\/4"}],"replies":[{"embeddable":true,"href":"https:\/\/eldiariodesanpedro.com.ar\/sitio\/wp-json\/wp\/v2\/comments?post=64672"}],"version-history":[{"count":1,"href":"https:\/\/eldiariodesanpedro.com.ar\/sitio\/wp-json\/wp\/v2\/posts\/64672\/revisions"}],"predecessor-version":[{"id":64674,"href":"https:\/\/eldiariodesanpedro.com.ar\/sitio\/wp-json\/wp\/v2\/posts\/64672\/revisions\/64674"}],"wp:featuredmedia":[{"embeddable":true,"href":"https:\/\/eldiariodesanpedro.com.ar\/sitio\/wp-json\/wp\/v2\/media\/64673"}],"wp:attachment":[{"href":"https:\/\/eldiariodesanpedro.com.ar\/sitio\/wp-json\/wp\/v2\/media?parent=64672"}],"wp:term":[{"taxonomy":"category","embeddable":true,"href":"https:\/\/eldiariodesanpedro.com.ar\/sitio\/wp-json\/wp\/v2\/categories?post=64672"},{"taxonomy":"post_tag","embeddable":true,"href":"https:\/\/eldiariodesanpedro.com.ar\/sitio\/wp-json\/wp\/v2\/tags?post=64672"}],"curies":[{"name":"wp","href":"https:\/\/api.w.org\/{rel}","templated":true}]}}