{"id":6467,"date":"2016-07-29T11:45:15","date_gmt":"2016-07-29T14:45:15","guid":{"rendered":"https:\/\/eldiariodesanpedro.com.ar\/sitio\/?p=6467"},"modified":"2016-07-29T11:45:15","modified_gmt":"2016-07-29T14:45:15","slug":"corte-de-energia-programado","status":"publish","type":"post","link":"https:\/\/eldiariodesanpedro.com.ar\/sitio\/corte-de-energia-programado\/","title":{"rendered":"Corte de energ\u00eda programado"},"content":{"rendered":"<p><!-- VideographyWP Plugin Message: Automatic video embedding prevented by plugin options. --><br \/>\nLa Coopser realizar\u00e1 hoy un corte de energ\u00eda el\u00e9ctrica por tareas de mantenimiento y poda que afectar\u00e1 la zona delimitada por las calles Ansaloni, Boulevard Moreno, 11 de Septiembre y General Pueyrred\u00f3n.<br \/>\nEl corte se extender\u00e1 desde las 8.00 hasta las 10.30. Se agradece difusi\u00f3n para que los vecinos tomen las precauciones correspondientes.<\/p>\n","protected":false},"excerpt":{"rendered":"<p>La Coopser realizar\u00e1 hoy un corte de energ\u00eda el\u00e9ctrica por tareas de mantenimiento y poda que afectar\u00e1 la zona delimitada por las calles Ansaloni, Boulevard Moreno, 11 de Septiembre y General Pueyrred\u00f3n. El corte se extender\u00e1 desde las 8.00 hasta las 10.30. Se agradece difusi\u00f3n para que los vecinos tomen las precauciones correspondientes.<\/p>\n","protected":false},"author":4,"featured_media":6360,"comment_status":"open","ping_status":"closed","sticky":false,"template":"","format":"standard","meta":{"om_disable_all_campaigns":false,"_jetpack_memberships_contains_paid_content":false,"footnotes":""},"categories":[101,2],"tags":[],"class_list":["post-6467","post","type-post","status-publish","format-standard","has-post-thumbnail","hentry","category-interes-general-locales","category-locales"],"aioseo_notices":[],"gutentor_comment":0,"jetpack_featured_media_url":"https:\/\/eldiariodesanpedro.com.ar\/sitio\/wp-content\/uploads\/2016\/07\/coopser.jpg","jetpack_shortlink":"https:\/\/wp.me\/p6RhLt-1Gj","jetpack_sharing_enabled":true,"_links":{"self":[{"href":"https:\/\/eldiariodesanpedro.com.ar\/sitio\/wp-json\/wp\/v2\/posts\/6467","targetHints":{"allow":["GET"]}}],"collection":[{"href":"https:\/\/eldiariodesanpedro.com.ar\/sitio\/wp-json\/wp\/v2\/posts"}],"about":[{"href":"https:\/\/eldiariodesanpedro.com.ar\/sitio\/wp-json\/wp\/v2\/types\/post"}],"author":[{"embeddable":true,"href":"https:\/\/eldiariodesanpedro.com.ar\/sitio\/wp-json\/wp\/v2\/users\/4"}],"replies":[{"embeddable":true,"href":"https:\/\/eldiariodesanpedro.com.ar\/sitio\/wp-json\/wp\/v2\/comments?post=6467"}],"version-history":[{"count":1,"href":"https:\/\/eldiariodesanpedro.com.ar\/sitio\/wp-json\/wp\/v2\/posts\/6467\/revisions"}],"predecessor-version":[{"id":6468,"href":"https:\/\/eldiariodesanpedro.com.ar\/sitio\/wp-json\/wp\/v2\/posts\/6467\/revisions\/6468"}],"wp:featuredmedia":[{"embeddable":true,"href":"https:\/\/eldiariodesanpedro.com.ar\/sitio\/wp-json\/wp\/v2\/media\/6360"}],"wp:attachment":[{"href":"https:\/\/eldiariodesanpedro.com.ar\/sitio\/wp-json\/wp\/v2\/media?parent=6467"}],"wp:term":[{"taxonomy":"category","embeddable":true,"href":"https:\/\/eldiariodesanpedro.com.ar\/sitio\/wp-json\/wp\/v2\/categories?post=6467"},{"taxonomy":"post_tag","embeddable":true,"href":"https:\/\/eldiariodesanpedro.com.ar\/sitio\/wp-json\/wp\/v2\/tags?post=6467"}],"curies":[{"name":"wp","href":"https:\/\/api.w.org\/{rel}","templated":true}]}}